{"id":1009,"date":"2010-06-24T23:54:15","date_gmt":"2010-06-24T21:54:15","guid":{"rendered":"http:\/\/robertopla.net\/blog\/?p=1009"},"modified":"2021-02-11T21:37:59","modified_gmt":"2021-02-11T20:37:59","slug":"maletas-perdidas","status":"publish","type":"post","link":"https:\/\/robertopla.net\/blog\/maletas-perdidas.htm","title":{"rendered":"Maletas Perdidas"},"content":{"rendered":"<p><a href=\"https:\/\/www.flickr.com\/photos\/fotero\/4750605108\/\"><img loading=\"lazy\" decoding=\"async\" class=\"alignleft wp-image-4595\" src=\"https:\/\/robertopla.net\/blog\/wp-content\/uploads\/2010\/06\/maleta.jpg\" alt=\"\" width=\"158\" height=\"210\" srcset=\"https:\/\/robertopla.net\/blog\/wp-content\/uploads\/2010\/06\/maleta.jpg 300w, https:\/\/robertopla.net\/blog\/wp-content\/uploads\/2010\/06\/maleta-225x300.jpg 225w\" sizes=\"auto, (max-width: 158px) 100vw, 158px\" \/><\/a>En la lista de correo \u00abAerolineas\u00bb un compa\u00f1ero ciertamente acostumbrado a viajar con frecuencia por todo el mundo en numerosas aerol\u00edneas confesaba haber sufrido un robo en su maleta por primera vez.<br \/>\nAl hilo del comentario, otros contertulios, conocedores del mundo aeron\u00e1utico vertieron opiniones diversas sobre el tema. Un antiguo trabajador de handling comentaba que en otros tiempos los robos eran frecuentemente perpetrados por grupos de delincuentes organizados que se reparten las tareas para perpetrar el delito, protegidos por el anonimato entre un grupo mucho m\u00e1s numeroso de trabajadores evidentemente honrados.<br \/>\nEn cualquier aeropuerto del mundo puede haber un grupo de desalmados similar, con procedimientos similares. Hay alguien que se encarga de desviar las maletas golosas. Otro la recoge y la lleva a otro lugar en el que se abre para robar lo que de valor pueda contener. Si la v\u00edctima tiene suerte, la maleta volver\u00e1 al circuito una vez \u00absaqueada\u00bb. Si no, ser\u00e1 arrojada en cualquier parte. Las precintadas son, evidentemente \u00abgolosas\u00bb.<br \/>\nUn procedimiento muy habitual es hacer \u00abel l\u00e1tigo\u00bb con el tren de carritos. Se toma una curva pronunciada a m\u00e1s velocidad de la que el convoy deber\u00eda desarrollar y algunos equipajes se caen, el conductor \u00abno se da cuenta\u00bb y sigue su camino. Otro veh\u00edculo va detr\u00e1s y aparentemente la recoge, pero el destino es el desguace.<br \/>\nTambi\u00e9n se apuntaba que las maletas precintadas son m\u00e1s \u00abgolosas\u00bb, pero en ese extremo no hab\u00eda acuerdo, pues si bien es cierto que las medidas de seguridad pueden revelar la presencia de algo valioso que proteger, la ausencia de las mismas ofrece la posibilidad de actuar m\u00e1s r\u00e1pida y c\u00f3modamente, dando m\u00e1s garant\u00edas de impunidad al bandido. Un contertulio afirm\u00f3 haber le\u00eddo estad\u00edsticas en el sentido de que las maletas forradas con pl\u00e1stico eran asaltadas m\u00e1s frecuentemente, al tiempo que otros arremet\u00edan contra el coste de esta protecci\u00f3n que constituye adem\u00e1s un testimonio de la impotencia de compa\u00f1\u00edas y autoridad aeroportuaria para proteger los bienes de sus clientes. Adem\u00e1s de pagar su billete y una cantidad por tasas aeroportuarias, el pasajero se ve obligado a realizar un desembolso adicional para proteger sus bienes de los ladrones y de la incompetencia de los custodios.<br \/>\nNo obstante en cualquier robo la v\u00edctima suele lamentar m\u00e1s el valor sentimental de algunos objeto desaparecidos que su valor econ\u00f3mico, rara vez restituido por los 20 d\u00f3lares que de forma estandarizada se obtienen de las compa\u00f1\u00edas despu\u00e9s de lo que a cualquier expoliado le han de parecer largos y tediosos tr\u00e1mites.<br \/>\nNo es que los guardianes del orden sean corruptos o incompetentes. La polic\u00eda realiza con cierta frecuencia operaciones infiltrando agentes en los centros de trabajo donde se pueden producir los robos. Seg\u00fan comentaba haber presenciado otro componente de la lista esto ha llevado en mas de alguna ocasi\u00f3n a poder detener a los delincuentes tambi\u00e9n infiltrados entre los trabajadores que se conforman con el sueldo que honradamente perciben.<br \/>\n<iframe loading=\"lazy\" src=\"https:\/\/www.youtube.com\/embed\/r4-ExiwJe3s\" width=\"560\" height=\"315\" frameborder=\"0\" allowfullscreen=\"allowfullscreen\"><\/iframe><br \/>\nY en definitiva, se apuntaba que el objetivo final de cada uno es preservar su equipaje del saqueo y en caso contrario minimizar los da\u00f1os de este sobre el resultado del viaje. Una opci\u00f3n apuntada es la de viajar con poco equipaje y bastante dinero para poder solventar las situaciones de necesidad que surjan y por supuesto, el dinero siempre encima de uno y los objetos valiosos o imprescindibles (ordenador, c\u00e1mara de fotos&#8230;) en el equipaje de mano, en cabina y siempre a la vista de su propietario.<br \/>\nYo, a mi maleta, le pongo un candado, m\u00e1s que nada, para notar la manipulaci\u00f3n si la ha habido y nunca la plastifico, porque me parece que una pel\u00edcula fina de pl\u00e1stico no es una excesiva protecci\u00f3n y para no llamar la atenci\u00f3n&#8230; aunque mis maletas son casi todas viejas y baratas porque de esa forma supongo que no anima a los amigos de lo ajeno que deben preferir las caras y nuevas.<br \/>\nComo para confirmar esta suposici\u00f3n en una \u00faltima intervenci\u00f3n que dio por clausurada la parte m\u00e1s interesante de la conversaci\u00f3n electr\u00f3nica, nos contaron un chascarrillo muy jugoso.<br \/>\nEn un vuelo Madrid-Montreal le perdieron su maleta nada menos que al que fue Presidente ejecutivo de Iberia, Fernando Conte . Siendo presidente de Iberia, nada pudo hacer: solo esperar y la dichosa maleta nunca apareci\u00f3. Realizaba el viaje para asistir a la IATA World conference y no s\u00e9 si plantear\u00eda el problema ante tan alta instancia del transporte a\u00e9reo.<br \/>\nEn cualquier caso, todo sigue igual: cuando facturas equipaje, el momento m\u00e1s emocionante del viaje es en la sala de las cintas a la espera siempre impaciente, siempre incierta, de tu maleta, de tus cosas, de la esperanza de seguir tu vida sin contratiempos.<br \/>\n<strong>NOTA 30\/06\/2010 :<\/strong> Escrito sobre la marcha durante el viaje, he editado este articulo para a\u00f1adirle el video y aun tendr\u00e9 que hacerlo para a\u00f1adir alguna foto.<br \/>\n<strong>NOTA 11\/02\/2021 :<\/strong> El video original de este art\u00edculo ha desaparecido de Youtube, por lo que lo he cambiado por el que ahora aparece, del <a href=\"https:\/\/www.youtube.com\/channel\/UC2xc00EwGySeCcIXbudhziw\">canal de Iberia<\/a> con consejos para hacer el equipaje y un seguimiento del recorrido de la maleta en el Aeropuerto de Barajas.<\/p>\n","protected":false},"excerpt":{"rendered":"<p>Sobre los robos de maletas en los aeropuertos <a href=\"https:\/\/robertopla.net\/blog\/maletas-perdidas.htm\">Sigue leyendo <span class=\"meta-nav\">&rarr;<\/span><\/a><\/p>\n","protected":false},"author":1,"featured_media":0,"comment_status":"open","ping_status":"open","sticky":false,"template":"","format":"standard","meta":{"footnotes":""},"categories":[10],"tags":[],"class_list":["post-1009","post","type-post","status-publish","format-standard","hentry","category-viajes"],"_links":{"self":[{"href":"https:\/\/robertopla.net\/blog\/wp-json\/wp\/v2\/posts\/1009","targetHints":{"allow":["GET"]}}],"collection":[{"href":"https:\/\/robertopla.net\/blog\/wp-json\/wp\/v2\/posts"}],"about":[{"href":"https:\/\/robertopla.net\/blog\/wp-json\/wp\/v2\/types\/post"}],"author":[{"embeddable":true,"href":"https:\/\/robertopla.net\/blog\/wp-json\/wp\/v2\/users\/1"}],"replies":[{"embeddable":true,"href":"https:\/\/robertopla.net\/blog\/wp-json\/wp\/v2\/comments?post=1009"}],"version-history":[{"count":3,"href":"https:\/\/robertopla.net\/blog\/wp-json\/wp\/v2\/posts\/1009\/revisions"}],"predecessor-version":[{"id":4596,"href":"https:\/\/robertopla.net\/blog\/wp-json\/wp\/v2\/posts\/1009\/revisions\/4596"}],"wp:attachment":[{"href":"https:\/\/robertopla.net\/blog\/wp-json\/wp\/v2\/media?parent=1009"}],"wp:term":[{"taxonomy":"category","embeddable":true,"href":"https:\/\/robertopla.net\/blog\/wp-json\/wp\/v2\/categories?post=1009"},{"taxonomy":"post_tag","embeddable":true,"href":"https:\/\/robertopla.net\/blog\/wp-json\/wp\/v2\/tags?post=1009"}],"curies":[{"name":"wp","href":"https:\/\/api.w.org\/{rel}","templated":true}]}}