{"id":103,"date":"2006-12-02T23:45:46","date_gmt":"2006-12-02T21:45:46","guid":{"rendered":"http:\/\/robertopla.net\/blog\/concierto-de-navidad.htm"},"modified":"2006-12-02T23:45:46","modified_gmt":"2006-12-02T21:45:46","slug":"concierto-de-navidad","status":"publish","type":"post","link":"https:\/\/robertopla.net\/blog\/concierto-de-navidad.htm","title":{"rendered":"Concierto de Navidad"},"content":{"rendered":"<p>El viernes 1 de diciembre por la noche asistimos al concierto de Navidad que patrocina Endesa y que tuvo lugar en el nuevo <a href=\"http:\/\/www.auditorigirona.org\/\">auditorio de Girona<\/a> a cargo de la Orquesta de C\u00e1mara del Ampurd\u00e1n. (<a href=\"http:\/\/fundaciooce.org\/\">Orquesta de cambra de l&#8217;Empord\u00c3\u00a0<\/a>) y la Orquesta Filarm\u00f3nica de Catalu\u00f1a (Orquestra Filharm\u00c3\u00b2nica de Catalunya). La invitaci\u00f3n me lleg\u00f3 hace unas semanas y pens\u00e9 que a Mercedes le gustar\u00eda ir. Hacia un a\u00f1o y medio o m\u00e1s tiempo que no \u00edbamos a un concierto y yo segu\u00eda sin ningunas ganas de repetir la experiencia.<\/p>\n<p>La m\u00fasica no me gusta. La mayor parte del tiempo la percibo como un ruido molesto: no entiendo, ni distingo, ni tengo el m\u00e1s m\u00ednimo inter\u00e9s. Me parece muy bien y comprendo que haya quien disfrute de ella y le guste, pero a mi no me gusta.  Supongo que es algo que est\u00e1 relacionado con mis cualidades y estas no pasan por el sentido musical ni tan siquiera cerca.<\/p>\n<p>Si que oigo m\u00fasica en determinadas ocasiones, hay canciones que me gustan y a veces cuando voy conduciendo pongo alg\u00fan CD con temas escogidos. Pero podr\u00eda prescindir de ello, las canciones solo me gustan despu\u00e9s de o\u00edrlas durante bastante tiempo y porque est\u00e1n asociadas con algo: un recuerdo, un pensamiento, una imagen. Y adem\u00e1s me cuesta concentrarme en otra cosa mientras oigo m\u00fasica as\u00ed que leer o trabajar con m\u00fasica de fondo me resulta desagradable porque me obliga a esforzarme m\u00e1s en prestar atenci\u00f3n a lo que hago. El silencio es un componente fundamental de mi ambiente de trabajo ideal.<\/p>\n<p>Por tanto asistir a un concierto y dedicarme solo a o\u00edr es una cosa que empieza siendo aburrida y acaba siendo inc\u00f3moda, incluso violenta, pues despu\u00e9s de un rato todos mis esfuerzos se centran en no dormirme y si no consigo evitarlo me despierto inmediatamente sobresaltado por el temor a soltar un sonoro ronquido. No me importar\u00eda acudir a un concierto si pudiera dormirme arrullado por las melod\u00edas de la orquesta, pero por alguna extra\u00f1a raz\u00f3n esto se considera muy poco correcto.<\/p>\n<p>Bueno, a Mercedes s\u00ed que le gusta mucho la m\u00fasica y ella se pega en mi compa\u00f1\u00eda muchas palizas aeron\u00e1uticas a pesar de que los aviones no le interesan en absoluto as\u00ed que cuando vi la invitaci\u00f3n pens\u00e9: <em>\u201ca Mercedes le gustar\u00e1 ir\u201d<\/em>. Hacia suficiente tiempo desde el \u00faltimo concierto como para haber atenuado, que no olvidado, el recuerdo del mal rato.<\/p>\n<p>El concierto sin embargo, de forma sorprendente, no me result\u00f3 desagradable, a pesar de diversos condicionantes negativos. El primero que los asientos eran estrechos e inc\u00f3modos, muy poco propicios a la relajaci\u00f3n. El segundo que la orquesta estaba dirigida por un personajillo bastante pat\u00e9tico. Sin embargo las obras interpretadas se hicieron ligeras y amenas.<\/p>\n<p>Del programa, las partituras m\u00e1s conocidas (me sonaban hasta a mi&#8230;) eran sin duda &#8216;El verano&#8217; de las cuatro estaciones de Vivaldi y la obertura de las Bodas de Figaro y probablemente las que me parecieron mas pesadas fueron las dos obras interpretadas despu\u00e9s de la finalizaci\u00f3n del programa sin que realmente el p\u00fablico las pidiera.<\/p>\n<p>A continuaci\u00f3n se sirvi\u00f3 una cena aperitivo de la que entre muchas exquisiteces hay que destacar el &#8216;Bufet calent <a href=\"http:\/\/www.tvcatalunya.com\/cuines\/receptes\/recepta_181.htm\">d&#8217;arr\u00f3s de surenys<\/a>&#8216; confeccionada por el restaurante &#8216;<a href=\"http:\/\/www.elginjoler.com\/\">El Ginjoler<\/a>&#8216;.<\/p>\n","protected":false},"excerpt":{"rendered":"<p>El viernes 1 de diciembre por la noche asistimos al concierto de Navidad que patrocina Endesa y que tuvo lugar en el nuevo auditorio de Girona a cargo de la Orquesta de C\u00e1mara del Ampurd\u00e1n. (Orquesta de cambra de l&#8217;Empord\u00c3\u00a0) &hellip; <a href=\"https:\/\/robertopla.net\/blog\/concierto-de-navidad.htm\">Sigue leyendo <span class=\"meta-nav\">&rarr;<\/span><\/a><\/p>\n","protected":false},"author":1,"featured_media":0,"comment_status":"open","ping_status":"open","sticky":false,"template":"","format":"standard","meta":{"footnotes":""},"categories":[8],"tags":[],"class_list":["post-103","post","type-post","status-publish","format-standard","hentry","category-omblogo"],"_links":{"self":[{"href":"https:\/\/robertopla.net\/blog\/wp-json\/wp\/v2\/posts\/103","targetHints":{"allow":["GET"]}}],"collection":[{"href":"https:\/\/robertopla.net\/blog\/wp-json\/wp\/v2\/posts"}],"about":[{"href":"https:\/\/robertopla.net\/blog\/wp-json\/wp\/v2\/types\/post"}],"author":[{"embeddable":true,"href":"https:\/\/robertopla.net\/blog\/wp-json\/wp\/v2\/users\/1"}],"replies":[{"embeddable":true,"href":"https:\/\/robertopla.net\/blog\/wp-json\/wp\/v2\/comments?post=103"}],"version-history":[{"count":0,"href":"https:\/\/robertopla.net\/blog\/wp-json\/wp\/v2\/posts\/103\/revisions"}],"wp:attachment":[{"href":"https:\/\/robertopla.net\/blog\/wp-json\/wp\/v2\/media?parent=103"}],"wp:term":[{"taxonomy":"category","embeddable":true,"href":"https:\/\/robertopla.net\/blog\/wp-json\/wp\/v2\/categories?post=103"},{"taxonomy":"post_tag","embeddable":true,"href":"https:\/\/robertopla.net\/blog\/wp-json\/wp\/v2\/tags?post=103"}],"curies":[{"name":"wp","href":"https:\/\/api.w.org\/{rel}","templated":true}]}}