{"id":1046,"date":"2010-07-12T23:57:01","date_gmt":"2010-07-12T21:57:01","guid":{"rendered":"http:\/\/robertopla.net\/blog\/?p=1046"},"modified":"2010-07-12T23:57:01","modified_gmt":"2010-07-12T21:57:01","slug":"la-linterna-magica","status":"publish","type":"post","link":"https:\/\/robertopla.net\/blog\/la-linterna-magica.htm","title":{"rendered":"La Linterna M\u00e1gica"},"content":{"rendered":"<p>Por la tarde de 26, cansados de patear Praga y su castillo, decidimos realizar una actividad algo m\u00e1s relajada.<br \/>\nEl teatro de la <a href=\"http:\/\/www.laterna.cz\/\">Linterna M\u00e1gica<\/a>, en realidad el \u00ab<a href=\"http:\/\/www.novascena.cz\/\">Nov\u00e1 sc\u00e9na N\u00e1rodn\u00edho divadla<\/a>\u00bb se aloja en lo que alguien ha definido como el edificio m\u00e1s feo de Praga, que parece estar recubierto de cristal. Yo opino que ese t\u00edtulo est\u00e1 muy discutido como para atribuirlo as\u00ed a la ligera. Sin embargo tambi\u00e9n es una cuesti\u00f3n de gustos pues hay quien no aprecia la belleza del &#8216;edificio que baila&#8217;, otro de los ejemplos singulares de arquitectura moderna en la ciudad.<\/p>\n<p style=\"text-align:center;\"><a href=\"http:\/\/www.flickr.com\/photos\/fotero\/4766163540\/\" ><img decoding=\"async\" src=\"http:\/\/farm5.static.flickr.com\/4082\/4766163540_671f20f0b2.jpg\" style=\"border:none;width:375px;height:500px\" alt=\"Nova scena Narodniho divadla\" title=\"Nova scena Narodniho divadla\"\/><\/a><\/p>\n<p>La compa\u00f1\u00eda se estren\u00f3 en la EXPO 1958 en Bruselas con mucho \u00e9xito. Al llegar al teatro encontramos que estaba a punto de empezar una funci\u00f3n de una obra llamada \u00abGraffiti\u00bb. El precio de las entradas nos pareci\u00f3 asequible, y el programa promet\u00eda una mezcla de danza moderna y efectos multimedia y la calificaba como la &#8216;primera obra multimedia&#8217;. Aunque como espect\u00e1culo de danza moderna no estaba mal, las expectativas creadas no fueron satisfechas.<\/p>\n<p>El primer n\u00famero era simplemente ballet moderno con iluminaci\u00f3n estramb\u00f3tica sin que esta aportase nada al mensaje transmitido por la danza ni se uniese a la misma en ritmo o armon\u00eda. De todos los n\u00fameros del espect\u00e1culo apenas uno o dos intentaban una mezcla del mundo virtual sugerido a trav\u00e9s de la proyecci\u00f3n de gr\u00e1ficos y v\u00eddeos con lo que los bailarines interpretaban en el escenario.<br \/>\nCuando en uno de los n\u00fameros la escena empieza haciendo coincidir a la bailarina protagonista con una imagen de si misma y ambas se separan para iniciar el baile en los planos real y virtual pens\u00e9 que el numero se rematar\u00eda con un final que har\u00eda de nuevo coincidir ambas figuras en un alarde de coordinaci\u00f3n que no se produjo.<\/p>\n<p>Los efectos proyectados constitu\u00edan a veces una iluminaci\u00f3n estramb\u00f3tica y bastante molesta para el disfrute del espect\u00e1culo, otras veces se usaban como una especie de decorado virtual que ten\u00eda de color el escenario y solo en alg\u00fan baile transmit\u00eda un mensaje como el de una barrera de luz entre los bailarines en una escena que representaba su separaci\u00f3n y en alg\u00fan momento se puede entender que se quiere representar el mundo on\u00edrico contrapuesto al mundo real.<\/p>\n<p>En general aunque la idea es buena no creo que se exprima en todas su posibilidades y aun dir\u00eda que se desaprovecha en gran medida y se pone en escena de forma torpe y pretenciosa.<\/p>\n<p>Los espect\u00e1culos de la Linterna M\u00e1gica suelen hacer giras por Europa, as\u00ed que cuando venga a Espa\u00f1a quien quiera verlo tendr\u00e1 ocasi\u00f3n de opinar y me gustar\u00eda saber si su opini\u00f3n coincide con la m\u00eda que naturalmente no pretende sentar c\u00e1tedra ya que no soy un experto en danza moderna, solo est\u00e1 basada en mi impresi\u00f3n personal como espectador. Tampoco creo necesitar m\u00e1s titulaci\u00f3n para saber lo que me gusta y lo que no.<\/p>\n","protected":false},"excerpt":{"rendered":"<p>Por la tarde de 26, cansados de patear Praga y su castillo, decidimos realizar una actividad algo m\u00e1s relajada. El teatro de la Linterna M\u00e1gica, en realidad el \u00abNov\u00e1 sc\u00e9na N\u00e1rodn\u00edho divadla\u00bb se aloja en lo que alguien ha definido &hellip; <a href=\"https:\/\/robertopla.net\/blog\/la-linterna-magica.htm\">Sigue leyendo <span class=\"meta-nav\">&rarr;<\/span><\/a><\/p>\n","protected":false},"author":1,"featured_media":0,"comment_status":"open","ping_status":"open","sticky":false,"template":"","format":"standard","meta":{"footnotes":""},"categories":[10],"tags":[],"class_list":["post-1046","post","type-post","status-publish","format-standard","hentry","category-viajes"],"_links":{"self":[{"href":"https:\/\/robertopla.net\/blog\/wp-json\/wp\/v2\/posts\/1046","targetHints":{"allow":["GET"]}}],"collection":[{"href":"https:\/\/robertopla.net\/blog\/wp-json\/wp\/v2\/posts"}],"about":[{"href":"https:\/\/robertopla.net\/blog\/wp-json\/wp\/v2\/types\/post"}],"author":[{"embeddable":true,"href":"https:\/\/robertopla.net\/blog\/wp-json\/wp\/v2\/users\/1"}],"replies":[{"embeddable":true,"href":"https:\/\/robertopla.net\/blog\/wp-json\/wp\/v2\/comments?post=1046"}],"version-history":[{"count":0,"href":"https:\/\/robertopla.net\/blog\/wp-json\/wp\/v2\/posts\/1046\/revisions"}],"wp:attachment":[{"href":"https:\/\/robertopla.net\/blog\/wp-json\/wp\/v2\/media?parent=1046"}],"wp:term":[{"taxonomy":"category","embeddable":true,"href":"https:\/\/robertopla.net\/blog\/wp-json\/wp\/v2\/categories?post=1046"},{"taxonomy":"post_tag","embeddable":true,"href":"https:\/\/robertopla.net\/blog\/wp-json\/wp\/v2\/tags?post=1046"}],"curies":[{"name":"wp","href":"https:\/\/api.w.org\/{rel}","templated":true}]}}