{"id":105,"date":"2006-12-05T22:54:44","date_gmt":"2006-12-05T20:54:44","guid":{"rendered":"http:\/\/robertopla.net\/blog\/alas-rojas.htm"},"modified":"2006-12-05T22:54:44","modified_gmt":"2006-12-05T20:54:44","slug":"alas-rojas","status":"publish","type":"post","link":"https:\/\/robertopla.net\/blog\/alas-rojas.htm","title":{"rendered":"Alas Rojas"},"content":{"rendered":"<p><img decoding=\"async\" src=\"http:\/\/robertopla.net\/blog\/img\/alasrojas.jpg\" alt=\"Portada\" style=\"border-style: none; float: left; position: relative; left: 0px; padding-right: 10px; padding-bottom: 10px;width:150px;height:150px;\">Junto a <a href=\"http:\/\/robertopla.net\/blog\/la-fonera.htm\">la Fonera<\/a>, antes de ir a Zaragoza dej\u00e9 sobre la mesa el libro &#8216;Alas Rojas, Sari\u00f1ena&#8217; (ISBN: 8460997812) que tambi\u00e9n me hab\u00eda llegado ese mismo d\u00eda, casi sin poder echar nada m\u00e1s que un vistazo r\u00e1pido.<\/p>\n<p>En cuanto volv\u00ed del viaje me puse a leerlo. El libro es una historia desde el punto de vista local, pero no menos riguroso del <a href=\"http:\/\/www.barranque.com\/guerracivil\/aerodromosarinena.htm\">campo de aviaci\u00f3n de Sari\u00f1ena<\/a> durante la guerra civil, una singularidad complementada por la singularidad de la primera unidad ubicada en el campo, la escuadrilla de la aviaci\u00f3n republicana &#8216;Alas Rojas&#8217;.<\/p>\n<p>Probablemente uno de los factores que contribuyeron a que dicha unidad se convirtiera en lo que hoy llamar\u00edamos un &#8216;fen\u00f3meno medi\u00e1tico&#8217; fue la enorme difusi\u00f3n que sus acciones tuvieron a trav\u00e9s de la propaganda, de la prensa e incluso de un documental rodado con escenas reales que reconstru\u00eda la vida en el campo, as\u00ed como la repercusi\u00f3n en la propia prensa del adversario al tratarse de la principal y durante mucho tiempo \u00fanica unidad a\u00e9rea en el frente de Arag\u00f3n.<\/p>\n<p>El autor, <a href=\"http:\/\/www.sarinyenaantigua.com\/\">Salvador Trallero<\/a> es sin duda alguna un enamorado de su tierra y un estudioso de su historia. Solo hay que ver su obra para comprender que es un enamorado de los libros. Convertido en editor, ha publicado un volumen magn\u00edfico donde la calidad del papel y la atenci\u00f3n a los m\u00e1s m\u00ednimos detalles justifican un precio que en principio alarma los bolsillos.<\/p>\n<p>En el aspecto de investigaci\u00f3n hist\u00f3rica, destacar la importante recopilaci\u00f3n de datos, a partir de las obras de otros autores que han tocado el tema, e im\u00e1genes, muchas de ellas in\u00e9ditas as\u00ed como la aportaci\u00f3n del punto de vista local y de salvaguardia del conocimiento hist\u00f3rico que implica la realizaci\u00f3n de entrevistas con los testigos directos de la \u00e9poca.<\/p>\n<p>Como aspecto negativo destacar\u00eda la forma en que se realiza la cita de fuentes. Estas son relacionadas al final del libro, tanto a las fuentes documentales, entrevistas o el origen de las fotograf\u00edas, lo que obliga al que lee el libro con \u00e1nimo de estudio de realizar continuas consultas al final de la obra cuando considero que habr\u00eda sido much\u00edsimo m\u00e1s c\u00f3modo para el lector poder ver las referencias bibliogr\u00e1ficas, fuentes documentales y autores o origen de im\u00e1genes al pi\u00e9 de p\u00e1gina o al pi\u00e9 de la foto.<\/p>\n<p>Al menos Salvador cita sus fuentes, algo que le honra como autor y estudioso de la historia. Una de las fuentes de informaci\u00f3n citadas es la <a href=\"http:\/\/www.aire.org\/\">web de Aire<\/a>, por lo que tambi\u00e9n hemos de congratularnos en nuestra participaci\u00f3n, aunque sea m\u00ednima, en esta magn\u00edfica obra cuya adquisici\u00f3n desde luego recomendamos a todos los interesados en la guerra civil y su vertiente a\u00e9rea, algo que pueden hacer desde <a href=\"http:\/\/www.sarinyenaantigua.com\/alasrojas\/index.html\">la web del autor-editor<\/a>.<\/p>\n","protected":false},"excerpt":{"rendered":"<p>Junto a la Fonera, antes de ir a Zaragoza dej\u00e9 sobre la mesa el libro &#8216;Alas Rojas, Sari\u00f1ena&#8217; (ISBN: 8460997812) que tambi\u00e9n me hab\u00eda llegado ese mismo d\u00eda, casi sin poder echar nada m\u00e1s que un vistazo r\u00e1pido. En cuanto &hellip; <a href=\"https:\/\/robertopla.net\/blog\/alas-rojas.htm\">Sigue leyendo <span class=\"meta-nav\">&rarr;<\/span><\/a><\/p>\n","protected":false},"author":1,"featured_media":0,"comment_status":"open","ping_status":"open","sticky":false,"template":"","format":"standard","meta":{"footnotes":""},"categories":[2],"tags":[],"class_list":["post-105","post","type-post","status-publish","format-standard","hentry","category-aerotrastorno"],"_links":{"self":[{"href":"https:\/\/robertopla.net\/blog\/wp-json\/wp\/v2\/posts\/105","targetHints":{"allow":["GET"]}}],"collection":[{"href":"https:\/\/robertopla.net\/blog\/wp-json\/wp\/v2\/posts"}],"about":[{"href":"https:\/\/robertopla.net\/blog\/wp-json\/wp\/v2\/types\/post"}],"author":[{"embeddable":true,"href":"https:\/\/robertopla.net\/blog\/wp-json\/wp\/v2\/users\/1"}],"replies":[{"embeddable":true,"href":"https:\/\/robertopla.net\/blog\/wp-json\/wp\/v2\/comments?post=105"}],"version-history":[{"count":0,"href":"https:\/\/robertopla.net\/blog\/wp-json\/wp\/v2\/posts\/105\/revisions"}],"wp:attachment":[{"href":"https:\/\/robertopla.net\/blog\/wp-json\/wp\/v2\/media?parent=105"}],"wp:term":[{"taxonomy":"category","embeddable":true,"href":"https:\/\/robertopla.net\/blog\/wp-json\/wp\/v2\/categories?post=105"},{"taxonomy":"post_tag","embeddable":true,"href":"https:\/\/robertopla.net\/blog\/wp-json\/wp\/v2\/tags?post=105"}],"curies":[{"name":"wp","href":"https:\/\/api.w.org\/{rel}","templated":true}]}}