{"id":1070,"date":"2010-07-24T16:54:52","date_gmt":"2010-07-24T14:54:52","guid":{"rendered":"http:\/\/robertopla.net\/blog\/?p=1070"},"modified":"2010-07-24T16:54:52","modified_gmt":"2010-07-24T14:54:52","slug":"conexion-precaria","status":"publish","type":"post","link":"https:\/\/robertopla.net\/blog\/conexion-precaria.htm","title":{"rendered":"Conexi\u00f3n precaria"},"content":{"rendered":"<p>Eso es lo que les digo a los amigos cuando me voy de vacaciones: que durante unos d\u00edas mi conexi\u00f3n ser\u00e1 precaria. Por que no s\u00e9 si me podr\u00e9 conectar o pasar\u00e9 dias y dias sin encontrar donde acceder a la red.<br \/>\nEl correo se me acumula, pero por suerte mi buz\u00f3n no se atasca demasiado. No me gusta dejar avisos de respuesta autom\u00e1tica, los encuentro un incordio.<br \/>\nHoy es &#8216;de facto&#8217; mi primer d\u00eda de vacaciones. Sin embargo, como estoy en Lleida he podido usar la conexi\u00f3n de mi padre para acceder al correo y escribir estas lineas. <\/p>\n<p style=\"text-align:center;\"><a href=\"http:\/\/www.flickr.com\/photos\/fotero\/4823932952\/\" ><img decoding=\"async\" src=\"http:\/\/farm5.static.flickr.com\/4073\/4823932952_bd095c427b.jpg\" style=\"border:none;width:450px;height:301px;\" alt=\"Campo de Deportes\" title=\"Campo de Deportes\"\/><\/a><\/p>\n<p>Repasando fotos, he encontrado algunas que escanear y subir a Flickr y ahora me voy a ver una exposici\u00f3n sobre los cien a\u00f1os de la aviaci\u00f3n en Lleida. Cuando era peque\u00f1o nunca habr\u00eda dicho que aquellos a\u00f1os pudieran contar como alguno de los cien de historia de la aviaci\u00f3n en Lleida porque en cuanto a aviaci\u00f3n me parecieron completamente de &#8216;<em>secano<\/em>&#8216;. Encontrar un cromo de aviones era todo un hallazgo y el aula de aeromodelismo de la OJE o la revista &#8216;Avi\u00f3n&#8217; fueron algunos de los pocos oasis en los que pude alimentar mi pasi\u00f3n por todo lo que vuela.<br \/>\nLa lista de prop\u00f3sitos para estas vacaciones es larga. En los proximos dias espero descansar en el sentido m\u00e1s inactivo de la palabra en Ibiza, rodeado de pinos frente al mar y espero que eso contribuya a despejar la lista de mis libros por leer y tambien a sacar de la lista de proyectos algunos escritos para los que tengo garabateadas unas notas hace tiempo. No obstante, a veces parece que la lista de posibles es m\u00e1s larga que las mismas vacaciones. Ya veremos. Por de pronto, si escribiis, no espereis respuesta: mi conexi\u00f3n es precaria.<\/p>\n","protected":false},"excerpt":{"rendered":"<p>Cuando estoy de vacaciones, como ahora, mi conexi\u00f3n es precaria. <a href=\"https:\/\/robertopla.net\/blog\/conexion-precaria.htm\">Sigue leyendo <span class=\"meta-nav\">&rarr;<\/span><\/a><\/p>\n","protected":false},"author":1,"featured_media":0,"comment_status":"open","ping_status":"open","sticky":false,"template":"","format":"standard","meta":{"footnotes":""},"categories":[8],"tags":[24,128,185,212,424],"class_list":["post-1070","post","type-post","status-publish","format-standard","hentry","category-omblogo","tag-amigos","tag-familia","tag-internet","tag-lleida","tag-viajes"],"_links":{"self":[{"href":"https:\/\/robertopla.net\/blog\/wp-json\/wp\/v2\/posts\/1070","targetHints":{"allow":["GET"]}}],"collection":[{"href":"https:\/\/robertopla.net\/blog\/wp-json\/wp\/v2\/posts"}],"about":[{"href":"https:\/\/robertopla.net\/blog\/wp-json\/wp\/v2\/types\/post"}],"author":[{"embeddable":true,"href":"https:\/\/robertopla.net\/blog\/wp-json\/wp\/v2\/users\/1"}],"replies":[{"embeddable":true,"href":"https:\/\/robertopla.net\/blog\/wp-json\/wp\/v2\/comments?post=1070"}],"version-history":[{"count":0,"href":"https:\/\/robertopla.net\/blog\/wp-json\/wp\/v2\/posts\/1070\/revisions"}],"wp:attachment":[{"href":"https:\/\/robertopla.net\/blog\/wp-json\/wp\/v2\/media?parent=1070"}],"wp:term":[{"taxonomy":"category","embeddable":true,"href":"https:\/\/robertopla.net\/blog\/wp-json\/wp\/v2\/categories?post=1070"},{"taxonomy":"post_tag","embeddable":true,"href":"https:\/\/robertopla.net\/blog\/wp-json\/wp\/v2\/tags?post=1070"}],"curies":[{"name":"wp","href":"https:\/\/api.w.org\/{rel}","templated":true}]}}