{"id":1076,"date":"2010-08-04T16:24:30","date_gmt":"2010-08-04T14:24:30","guid":{"rendered":"http:\/\/robertopla.net\/blog\/?p=1076"},"modified":"2023-04-01T13:16:25","modified_gmt":"2023-04-01T11:16:25","slug":"ibiza","status":"publish","type":"post","link":"https:\/\/robertopla.net\/blog\/ibiza.htm","title":{"rendered":"Ibiza"},"content":{"rendered":"<p><b>Cr\u00f3nica del Lunes 26\/07\/2010<\/b><br \/>\nHoy han empezado nuestras vacaciones en Ibiza. La verdad es que me ha costado mentalizarme. La <a href=\"https:\/\/robertopla.net\/blog\/angustia-precinetica.htm\">angustia precin\u00e9tica<\/a> empez\u00f3 el viernes con la preparaci\u00f3n de maletas para ir de fin de semana a Lleida. El l\u00edo que supone hacer maletas pensando en cuatro destinos diferentes en quince d\u00edas me puso en una situaci\u00f3n de estr\u00e9s que solo ha ido remitiendo hoy despu\u00e9s de la siesta.<br \/>\nEsta ma\u00f1ana, las maletas el viaje al aeropuerto, las habituales estupideces de los controles de seguridad me sacaban de quicio manteni\u00e9ndome en un estado de nervios insoportable.<br \/>\nAl llegar a Ibiza hemos cogido el autob\u00fas hasta el hotel. Se trata de un hotel de tres estrellas, sin excesos pero muy bien situado, en cala S&#8217;Argamassa, entre los pinos en la orilla del mar.<br \/>\nMercedes que tambi\u00e9n ven\u00eda un poco de los nervios se ha bajado a ba\u00f1ar en cuanto hemos llegado, a pesar de que lloviznaba y estaba cubierto. Yo la he acompa\u00f1ado por solidaridad, pero me he mantenido prudentemente alejado del agua y sobre todo de la arena.<\/p>\n<p style=\"text-align: center;\"><a href=\"http:\/\/www.flickr.com\/photos\/fotero\/4860128444\/\"><img decoding=\"async\" style=\"border: noone; width: 450px; height: 338px;\" title=\"Santa Eulalia, mercadillo\" src=\"http:\/\/farm5.static.flickr.com\/4100\/4860128444_21d4d7362d.jpg\" alt=\"Santa Eulalia, mercadillo\" \/><\/a><\/p>\n<p>Comida de bufe en el hotel y siesta. El descanso ha hecho su efecto y tras la siesta nos hemos ido a dar la primera vuelta por Santa Eulalia, el pueblo m\u00e1s cercano. Cena de fruta y gintonic entre la piscina y el mar. Mercedes bosteza y yo voy a ver si consigo conectarme a la wifi del hotel para subir esto y alguna de las fotos que hemos hecho.<\/p>\n","protected":false},"excerpt":{"rendered":"<p>Cronica del primer d\u00eda de nuestras vacaciones en Ibiza. Viaje desde Girona a S&#8217;Argamassa, en Santa Eul\u00e0lia (Ibiza) <a href=\"https:\/\/robertopla.net\/blog\/ibiza.htm\">Sigue leyendo <span class=\"meta-nav\">&rarr;<\/span><\/a><\/p>\n","protected":false},"author":1,"featured_media":0,"comment_status":"open","ping_status":"open","sticky":false,"template":"","format":"standard","meta":{"footnotes":""},"categories":[10],"tags":[128,173,351,424],"class_list":["post-1076","post","type-post","status-publish","format-standard","hentry","category-viajes","tag-familia","tag-ibiza","tag-vacaciones","tag-viajes"],"_links":{"self":[{"href":"https:\/\/robertopla.net\/blog\/wp-json\/wp\/v2\/posts\/1076","targetHints":{"allow":["GET"]}}],"collection":[{"href":"https:\/\/robertopla.net\/blog\/wp-json\/wp\/v2\/posts"}],"about":[{"href":"https:\/\/robertopla.net\/blog\/wp-json\/wp\/v2\/types\/post"}],"author":[{"embeddable":true,"href":"https:\/\/robertopla.net\/blog\/wp-json\/wp\/v2\/users\/1"}],"replies":[{"embeddable":true,"href":"https:\/\/robertopla.net\/blog\/wp-json\/wp\/v2\/comments?post=1076"}],"version-history":[{"count":1,"href":"https:\/\/robertopla.net\/blog\/wp-json\/wp\/v2\/posts\/1076\/revisions"}],"predecessor-version":[{"id":4884,"href":"https:\/\/robertopla.net\/blog\/wp-json\/wp\/v2\/posts\/1076\/revisions\/4884"}],"wp:attachment":[{"href":"https:\/\/robertopla.net\/blog\/wp-json\/wp\/v2\/media?parent=1076"}],"wp:term":[{"taxonomy":"category","embeddable":true,"href":"https:\/\/robertopla.net\/blog\/wp-json\/wp\/v2\/categories?post=1076"},{"taxonomy":"post_tag","embeddable":true,"href":"https:\/\/robertopla.net\/blog\/wp-json\/wp\/v2\/tags?post=1076"}],"curies":[{"name":"wp","href":"https:\/\/api.w.org\/{rel}","templated":true}]}}