{"id":1078,"date":"2010-08-04T16:35:00","date_gmt":"2010-08-04T14:35:00","guid":{"rendered":"http:\/\/robertopla.net\/blog\/?p=1078"},"modified":"2023-04-01T13:17:45","modified_gmt":"2023-04-01T11:17:45","slug":"formentera-la-virgen-ramera","status":"publish","type":"post","link":"https:\/\/robertopla.net\/blog\/formentera-la-virgen-ramera.htm","title":{"rendered":"Formentera, la virgen ramera"},"content":{"rendered":"<p><strong>Cr\u00f3nica del Martes 27\/07\/2010<\/strong><br \/>\nFormentera se vende como una isla virgen. En realidad, como se vende, es una virgen ramera. Toda la isla es un mercado. Las playas est\u00e1n invadidas de turistas y chiringuitos. Como en la paradoja del huevo y la gallina, no se sabe que fue antes, los turistas o los chiringuitos, pero es cierto que ambos elementos se atraen irremisiblemente.<\/p>\n<p style=\"text-align: center;\"><a href=\"http:\/\/www.flickr.com\/photos\/fotero\/4860131940\/\"><img decoding=\"async\" style=\"border: none; width: 450px; height: 338px;\" title=\"Lagartija\" src=\"http:\/\/farm5.static.flickr.com\/4142\/4860131940_d519344817.jpg\" alt=\"Lagartija\" \/><\/a><\/p>\n<p>Para intentar apreciar las virtudes de la isla hay que abstraerse de la omnipresente marea humana o montarse en el carro del consumismo feroz y considerar los precios de saqueo como \u00abnormal en tiempo de playa\u00bb, a menos que se disponga de la paciencia y el tiempo para buscar los pocos sitios que ofrecen un servicio adecuado a precios razonables.<br \/>\nAcotados a disponer tan solo de unas horas para recorrer la isla en una moto el\u00e9ctrica que alquilamos con toda seguridad nos perdimos algunos de los bellos rincones de Formentera, pero encontramos tambi\u00e9n alguna gema que sin constituir ning\u00fan chollo, al menos nos proporcion\u00f3 alguna de las mejores satisfacciones del d\u00eda.<\/p>\n<p style=\"text-align: center;\"><a href=\"http:\/\/www.flickr.com\/photos\/fotero\/4860135042\/\"><img decoding=\"async\" style=\"border: none; width: 450px; height: 338px;\" title=\"Formentera \" src=\"http:\/\/farm5.static.flickr.com\/4097\/4860135042_f1925568e3.jpg\" alt=\"Formentera\" \/><\/a><\/p>\n<p>El restaurante \u00abEl Mirador\u00bb es un punto estrat\u00e9gico en la carretera al faro de La Mola. Desde su terraza se divisa toda la parte septentrional de la isla desliz\u00e1ndose entre dos mares de un solo golpe de vista.<br \/>\nEn la playa de S&#8217;Arenal comimos en el restaurante del mismo nombre. Aunque excede de la categor\u00eda de chiringuito, la paella que disfrutamos ten\u00eda todas las virtudes que se atribuyen a los platos de pescado servidos a pie de playa. El adjetivo que ahora mismo se cuadra m\u00e1s es el de &#8216;memorable&#8217;. Vimos cartas con precios mas elevados y m\u00e1s baratos. Pero aquella era nuestra paella y nuestro momento. Una mesa frente al mar, a pie de la playa donde Mercedes se ba\u00f1\u00f3 justo despu\u00e9s de comer mientras yo segu\u00eda mi costumbre de dormitar levemente una siesta apoyando la cabeza en la pared.<br \/>\nLas playas de Illetes, en el punto m\u00e1s al norte de la Isla y m\u00e1s cercano a la isla de Espalmador son un Patrimonio de la Humanidad dentro del Parque Natural de las Salines y un \u00e1rea m\u00e1s concurrida que el metro de cualquier metr\u00f3poli en hora punta. Eso si, para preservar el \u00e1rea de la contaminaci\u00f3n se cobra un peaje a la entrada. Nosotros nos libramos por llevar un veh\u00edculo el\u00e9ctrico.<\/p>\n<p style=\"text-align: center;\"><a href=\"http:\/\/www.flickr.com\/photos\/fotero\/4860137684\/\"><img loading=\"lazy\" decoding=\"async\" title=\"Moto electrica\" src=\"http:\/\/farm5.static.flickr.com\/4100\/4860137684_8be211bd26.jpg\" alt=\"Moto electrica\" width=\"500\" height=\"375\" \/><\/a><\/p>\n<p>Llegamos a tiempo de devolver el veh\u00edculo y coger el barco a la hora que quer\u00edamos y en el viaje de vuelta Mercedes estuvo a punto de deshacerse de la paella por mor de los movimientos del barco aunque la mar no estaba agitada. Yo, poco marinero y de tierra adentro estaba compungido de verla sufrir y empezaba a notar los efectos del atrac\u00f3n de sol.<br \/>\nYa en tierra firme el paseo de cala Prada a S&#8217;Argamassa nos acab\u00f3 de derrotar y solo recuperamos el ser despu\u00e9s de litro y medio de agua fresca y la reparadora cena del hotel.<\/p>\n","protected":false},"excerpt":{"rendered":"<p>Cr\u00f3nica del Martes 27\/07\/2010 Formentera se vende como una isla virgen. En realidad, como se vende, es una virgen ramera. Toda la isla es un mercado. Las playas est\u00e1n invadidas de turistas y chiringuitos. Como en la paradoja del huevo &hellip; <a href=\"https:\/\/robertopla.net\/blog\/formentera-la-virgen-ramera.htm\">Sigue leyendo <span class=\"meta-nav\">&rarr;<\/span><\/a><\/p>\n","protected":false},"author":1,"featured_media":0,"comment_status":"open","ping_status":"open","sticky":false,"template":"","format":"standard","meta":{"footnotes":""},"categories":[10],"tags":[128,137,173,351,424],"class_list":["post-1078","post","type-post","status-publish","format-standard","hentry","category-viajes","tag-familia","tag-formentera","tag-ibiza","tag-vacaciones","tag-viajes"],"_links":{"self":[{"href":"https:\/\/robertopla.net\/blog\/wp-json\/wp\/v2\/posts\/1078","targetHints":{"allow":["GET"]}}],"collection":[{"href":"https:\/\/robertopla.net\/blog\/wp-json\/wp\/v2\/posts"}],"about":[{"href":"https:\/\/robertopla.net\/blog\/wp-json\/wp\/v2\/types\/post"}],"author":[{"embeddable":true,"href":"https:\/\/robertopla.net\/blog\/wp-json\/wp\/v2\/users\/1"}],"replies":[{"embeddable":true,"href":"https:\/\/robertopla.net\/blog\/wp-json\/wp\/v2\/comments?post=1078"}],"version-history":[{"count":1,"href":"https:\/\/robertopla.net\/blog\/wp-json\/wp\/v2\/posts\/1078\/revisions"}],"predecessor-version":[{"id":4885,"href":"https:\/\/robertopla.net\/blog\/wp-json\/wp\/v2\/posts\/1078\/revisions\/4885"}],"wp:attachment":[{"href":"https:\/\/robertopla.net\/blog\/wp-json\/wp\/v2\/media?parent=1078"}],"wp:term":[{"taxonomy":"category","embeddable":true,"href":"https:\/\/robertopla.net\/blog\/wp-json\/wp\/v2\/categories?post=1078"},{"taxonomy":"post_tag","embeddable":true,"href":"https:\/\/robertopla.net\/blog\/wp-json\/wp\/v2\/tags?post=1078"}],"curies":[{"name":"wp","href":"https:\/\/api.w.org\/{rel}","templated":true}]}}