{"id":108,"date":"2006-12-11T12:16:37","date_gmt":"2006-12-11T10:16:37","guid":{"rendered":"http:\/\/robertopla.net\/blog\/patrona.htm"},"modified":"2006-12-11T12:16:37","modified_gmt":"2006-12-11T10:16:37","slug":"patrona","status":"publish","type":"post","link":"https:\/\/robertopla.net\/blog\/patrona.htm","title":{"rendered":"Patrona"},"content":{"rendered":"<p>El d\u00eda diez de Diciembre es la festividad de <a href=\"http:\/\/www.aire.org\/ea\/org\/loreto.htm\">Nuestra Se\u00f1ora de Loreto<\/a>, patrona de la Aviaci\u00f3n y del <a href=\"http:\/\/www.aire.org\/ea\/\">Ej\u00e9rcito del Aire<\/a>. tambi\u00e9n es el cumplea\u00f1os de mi hijo Roberto que naci\u00f3 el diez de diciembre de 1985 a las dos y diez de la madrugada. Era la primera Patrona que pas\u00e1bamos en Figueres.<\/p>\n<p>Como Jefe de unidad, ese es un d\u00eda de intenso trabajo para mi. Un trabajo, todo hay que decirlo, muy agradable, &#8230;pero intenso. En el Escuadr\u00f3n se celebran unos sencillos actos que incluyen una misa, la imposici\u00f3n de recompensas a los condecorados durante el a\u00f1o y un aperitivo que empieza con unas palabras m\u00edas y el tradicional brindis por su Majestad el Rey.<\/p>\n<p>El dia pasa como un hurac\u00e1n, saludando a tantos y tantos amigos, comprobando que se encuentran adecuadamente atendidos y expres\u00e1ndoles cuanto apreciamos su apoyo y su presencia. Tras la tormenta viene la calma y despu\u00e9s de las preparaciones y celebraciones queda recoger y empezar con las felicitaciones de navidad. En el aspecto an\u00edmico el c\u00famulo de satisfacciones ha sido tal que me he quedado un poco paralizado y me ha costado arrancar de nuevo con los art\u00edculos que ten\u00eda pendientes de escribir. He escrito apuntes para varios, pero me ha costado &#8216;rematarlos, por eso ahora van a salir publicados en el Blog todos &#8216;a tropel&#8217; pero en el orden y con las fechas en que los he ido escribiendo.<\/p>\n<div style=\"Text-align:center;\">\n<p><a href=\"http:\/\/www.flickr.com\/photos\/fotero\/321152183\/\" target=\"_blank\"><img decoding=\"async\" src=\"http:\/\/robertopla.net\/blog\/img\/familia2006.jpg\" alt=\"Familia Pl\u00c3\u00a0\" title=\"Familia Pl\u00c3\u00a0\" style=\"border-style: none; float: left; position: relative; padding-bottom: 10px; width: 450px; height: 337px;\" \/><\/a><\/p>\n<\/div>\n<p>Esta es la foto que nos hicimos toda la familia en Pan\u00ed. Creo que es la primera de las veintid\u00f3s patronas que he pasado en la unidad en que hemos subido los cuatro. Como otros a\u00f1os, usaremos una foto de familia para nuestra felicitaci\u00f3n navide\u00f1a y esta ha sido la foto elegida.<\/p>\n","protected":false},"excerpt":{"rendered":"<p>El d\u00eda diez de Diciembre es la festividad de Nuestra Se\u00f1ora de Loreto, patrona de la Aviaci\u00f3n y del Ej\u00e9rcito del Aire. tambi\u00e9n es el cumplea\u00f1os de mi hijo Roberto que naci\u00f3 el diez de diciembre de 1985 a las &hellip; <a href=\"https:\/\/robertopla.net\/blog\/patrona.htm\">Sigue leyendo <span class=\"meta-nav\">&rarr;<\/span><\/a><\/p>\n","protected":false},"author":1,"featured_media":0,"comment_status":"open","ping_status":"open","sticky":false,"template":"","format":"standard","meta":{"footnotes":""},"categories":[9],"tags":[],"class_list":["post-108","post","type-post","status-publish","format-standard","hentry","category-rerum-militari"],"_links":{"self":[{"href":"https:\/\/robertopla.net\/blog\/wp-json\/wp\/v2\/posts\/108","targetHints":{"allow":["GET"]}}],"collection":[{"href":"https:\/\/robertopla.net\/blog\/wp-json\/wp\/v2\/posts"}],"about":[{"href":"https:\/\/robertopla.net\/blog\/wp-json\/wp\/v2\/types\/post"}],"author":[{"embeddable":true,"href":"https:\/\/robertopla.net\/blog\/wp-json\/wp\/v2\/users\/1"}],"replies":[{"embeddable":true,"href":"https:\/\/robertopla.net\/blog\/wp-json\/wp\/v2\/comments?post=108"}],"version-history":[{"count":0,"href":"https:\/\/robertopla.net\/blog\/wp-json\/wp\/v2\/posts\/108\/revisions"}],"wp:attachment":[{"href":"https:\/\/robertopla.net\/blog\/wp-json\/wp\/v2\/media?parent=108"}],"wp:term":[{"taxonomy":"category","embeddable":true,"href":"https:\/\/robertopla.net\/blog\/wp-json\/wp\/v2\/categories?post=108"},{"taxonomy":"post_tag","embeddable":true,"href":"https:\/\/robertopla.net\/blog\/wp-json\/wp\/v2\/tags?post=108"}],"curies":[{"name":"wp","href":"https:\/\/api.w.org\/{rel}","templated":true}]}}