{"id":109,"date":"2006-12-18T22:53:59","date_gmt":"2006-12-18T20:53:59","guid":{"rendered":"http:\/\/robertopla.net\/blog\/personaje-del-ano-2006-de-time.htm"},"modified":"2006-12-18T22:53:59","modified_gmt":"2006-12-18T20:53:59","slug":"personaje-del-ano-2006-de-time","status":"publish","type":"post","link":"https:\/\/robertopla.net\/blog\/personaje-del-ano-2006-de-time.htm","title":{"rendered":"Personaje del a\u00f1o 2006 de TIME"},"content":{"rendered":"<p>Pues <a href=\"http:\/\/edans.blogspot.com\/2006\/12\/la-persona-del-anho-en-la-revista-time.html\">mira<\/a>, me ha hecho un poco de ilusi\u00f3n y todo. No todos los d\u00edas le nombran a uno &#8216;Personaje del A\u00f1o&#8217; y ocupa la portada de la <a href=\"http:\/\/www.time.com\/time\/magazine\/article\/0,9171,1569514,00.html\">revista TIME<\/a> que es una revista americana que lee mucha gente y que yo usaba a veces para mejorar mi ingl\u00e9s.<\/p>\n<div style=\"text-align:center;\">\n<p><a href=\"http:\/\/www.time.com\/time\/magazine\/0,9263,7601061225,00.html\" target=\"_blank\"><img decoding=\"async\" src=\"http:\/\/robertopla.net\/blog\/img\/time.jpg\" border=\"0\" alt=\"Portada diciembre 2006\" title=\"Portada diciembre 2006\" \/><\/a><\/p>\n<\/div>\n<p>Entre los razonamientos que justifican esta curiosa decisi\u00f3n, Lev Grossman, editor de la revista escribe los siguientes:<\/p>\n<p><em>\u00abLa nueva Web es algo completamente diferente. Es una herramienta para reunir las peque\u00f1as contribuciones de millones de gente y darles audiencia. Unos consultores de Silicon Valley lo han llamado Web 2.0 como si fuese una nueva versi\u00f3n de un viejo software. Pero realmente, es una revoluci\u00f3n.<br \/>\n(&#8230;)<br \/>\n\u00bfQui\u00e9nes son esta gente? En serio, Quien llega cansado despu\u00e9s de un largo d\u00eda en el trabajo y dice: no voy a ver \u00abPerdidos\u00bb esta noche, voy a conectar mi ordenador y &#8230;\u00bfhar\u00e9 una pel\u00edcula protagonizada por mi iguana? \u00bfMezclar\u00e9 diez c\u00e9ntimos de voces con la m\u00fasica de Queen&#8217;s?, \u00bfEscribir\u00e9 algo en mi blog sobre mi estado de \u00e1nimo o el estado de la naci\u00f3n o las patatas fritas de la nueva tasca de abajo en mi calle? \u00bfQuien tendr\u00eda ese tiempo, esa energ\u00eda y esa pasi\u00f3n?<\/p>\n<p>La respuesta eres t\u00fa. Y por agarrar las riendas de los medios globales, por fundar y enmarcar la nueva democracia digital, por trabajar a cambio de nada y batir a los profesionales en su propio terreno, el Personaje del del a\u00f1o de TIME en 2006 eres t\u00fa.\u00bb<\/em><\/p>\n<p>Bien, pues no s\u00e9 si la cosa merece tanto bombo. Mucha gente escribiendo. Si solo eso permite &#8216;batir a los profesionales en su terreno&#8217;, estos profesionales se lo tendr\u00edan que hacer mirar.  Por otra parte, lo importante no es el n\u00famero de los que escriben, sino de los que leen. Cualquiera puede llenar un blog de chorradas incoherentes -como este mismo-  y la acumulaci\u00f3n de tonter\u00edas dif\u00edcilmente constituir\u00eda una revoluci\u00f3n. Como mucho, alboroto.<\/p>\n<p>Y si las ideas son sabias y coherentes, propugnan con belleza la verdad, &#8230;a\u00fan les faltar\u00eda la acci\u00f3n transformadora, el cambio radical que justifique el apelativo de revolucionario, que ya me lo dec\u00eda mi padre: \u00abobras son amores y no buenas razones\u00bb<\/p>\n<p>Para que la web 2.0 se convierta en una aut\u00e9ntica revoluci\u00f3n generadora de esa democracia digital tan cacareada debe pre\u00f1arse primero de un mensaje coherente debe dar a luz una idea verdadera, justa y atractiva y esa idea debe crecer en el coraz\u00f3n y en la mente de los ciudadanos -que como tales son los \u00fanicos con patente de revolucionarios- impuls\u00e1ndoles a cambiar radicalmente nuestra sociedad. Mientras tanto, perdonadme, pero a mi me parece que TIME no ten\u00eda claro quien le pod\u00eda quedar bonito en la portada y han pensado que esto de dar coba al internauta en el altar de la modernidad geek les traer\u00eda m\u00e1s ventas.<\/p>\n","protected":false},"excerpt":{"rendered":"<p>Pues mira, me ha hecho un poco de ilusi\u00f3n y todo. No todos los d\u00edas le nombran a uno &#8216;Personaje del A\u00f1o&#8217; y ocupa la portada de la revista TIME que es una revista americana que lee mucha gente y &hellip; <a href=\"https:\/\/robertopla.net\/blog\/personaje-del-ano-2006-de-time.htm\">Sigue leyendo <span class=\"meta-nav\">&rarr;<\/span><\/a><\/p>\n","protected":false},"author":1,"featured_media":0,"comment_status":"open","ping_status":"open","sticky":false,"template":"","format":"standard","meta":{"footnotes":""},"categories":[4],"tags":[],"class_list":["post-109","post","type-post","status-publish","format-standard","hentry","category-frikilandia"],"_links":{"self":[{"href":"https:\/\/robertopla.net\/blog\/wp-json\/wp\/v2\/posts\/109","targetHints":{"allow":["GET"]}}],"collection":[{"href":"https:\/\/robertopla.net\/blog\/wp-json\/wp\/v2\/posts"}],"about":[{"href":"https:\/\/robertopla.net\/blog\/wp-json\/wp\/v2\/types\/post"}],"author":[{"embeddable":true,"href":"https:\/\/robertopla.net\/blog\/wp-json\/wp\/v2\/users\/1"}],"replies":[{"embeddable":true,"href":"https:\/\/robertopla.net\/blog\/wp-json\/wp\/v2\/comments?post=109"}],"version-history":[{"count":0,"href":"https:\/\/robertopla.net\/blog\/wp-json\/wp\/v2\/posts\/109\/revisions"}],"wp:attachment":[{"href":"https:\/\/robertopla.net\/blog\/wp-json\/wp\/v2\/media?parent=109"}],"wp:term":[{"taxonomy":"category","embeddable":true,"href":"https:\/\/robertopla.net\/blog\/wp-json\/wp\/v2\/categories?post=109"},{"taxonomy":"post_tag","embeddable":true,"href":"https:\/\/robertopla.net\/blog\/wp-json\/wp\/v2\/tags?post=109"}],"curies":[{"name":"wp","href":"https:\/\/api.w.org\/{rel}","templated":true}]}}