{"id":11,"date":"2006-04-17T20:24:48","date_gmt":"2006-04-17T18:24:48","guid":{"rendered":"http:\/\/robertopla.net\/blog\/?p=11"},"modified":"2006-04-17T20:24:48","modified_gmt":"2006-04-17T18:24:48","slug":"me-falta-el-aire","status":"publish","type":"post","link":"https:\/\/robertopla.net\/blog\/me-falta-el-aire.htm","title":{"rendered":"Me falta el aire"},"content":{"rendered":"<p>Siempre he dicho que lo m\u00e1s importante que aprend\u00ed\u00ad en el paracaidismo es a reconocer el miedo. Cuando se ha experimentado aut\u00e9ntico miedo, desaparece la mayor parte del mismo, pues normalmente tenemos miedo a tener miedo, tenemos miedo a lo desconocido y tenemos miedo a no saber reaccionar ante el miedo. Cuando despu\u00e9s de haberlo experimentado se da otra ocasi\u00f3n en la que el cuerpo intenta que nos defendamos experimentando miedo, podemos saludarle como a un viejo conocido y charlar con \u00e9l de los recuerdos comunes. As\u00ed\u00ad los nuevos miedos se reducen a aquello que decimos tanto: \u201cen peores garitas hemos hecho guardia\u201d. Y como eran peores y lleg\u00f3 el relevo, sabemos que este mal trago pasar\u00e1 y no ser\u00e1 tan terrible como parece, que llegado el caso sabremos hacer lo adecuado y esta seguridad nos tranquiliza y reconforta.<\/p>\n<p>Hoy estoy solo en mi estudio, el d\u00ed\u00ada es especialmente tranquilo y ni el ruido del tr\u00e1fico ni la m\u00fasica ni los vecinos parecen existir. Tampoco est\u00e1 Mercedes, que se fue a Murcia a pasar estos d\u00ed\u00adas de fiesta. Y resulta extra\u00f1o porque cuando est\u00e1 aqu\u00ed\u00ad pasamos muchos ratos en los que ella se dedica a ver series en la televisi\u00f3n, a leer la prensa o a las dos cosas a la vez y yo estoy aqu\u00ed\u00ad en mi estudio como ahora, solo que&#8230;no es como ahora. Ahora me siento solo, aunque las otras veces ella tampoco est\u00e1 aqu\u00ed\u00ad conmigo, ahora me siento &#8216;m\u00e1s&#8217; solo. La casa, con las cosas por en medio que ella habr\u00ed\u00ada recogido, es sin duda diferente y hay algo en cada rinc\u00f3n que me repite que ella no est\u00e1.  Resulta una soledad deprimente y sin poderlo remediar me inunda la tristeza.<\/p>\n<p>Me doy cuenta que muchas tardes cuando los papeles empiezan a aturdirme, salgo de la habitaci\u00f3n y me voy a la salita. Simplemente la miro all\u00ed\u00ad sentada en el sof\u00e1 y si no tiene desplegada alguna costura o diario &#8216;defensivo&#8217; cual alambrada, si est\u00e1 simplemente sentada en el sof\u00e1 me acerco y me abrazo a ella. La mayor\u00ed\u00ada de las ocasiones antes de moverme ya me ha mirado haciendo un gesto que quiere decir \u201c\u00bfque haces aqu\u00ed\u00ad?, \u00bfque quieres?\u201d. No quiero nada, solo quiero abrazarme a ti y espantar mi soledad, saber que est\u00e1s ah\u00ed\u00ad y que puedo recurrir a ti, que me quieres lo suficiente como para dejarme que te abrace, que te cuide, que te d\u00e9 un poco de cari\u00f1o. Si tiene el d\u00ed\u00ada cari\u00f1oso y me hace una caranto\u00f1a o me acaricia, la sensaci\u00f3n de felicidad es completa.<\/p>\n<p><img decoding=\"async\" title=\"Merce en el sof\u00e1\" alt=\"Merce en el sof\u00e1\" style=\"height: 177px; width: 200px\" src=\"http:\/\/robertopla.net\/blog\/img\/merce_3.gif\" \/><\/p>\n<p>Mercedes no es muy efusiva. Suele representar el papel de madre o de hermana mayor continuamente y algunas veces es molesta como un zapato con una piedra dentro. Pero eso no es una cosa grave: hay que quitarse el zapato y tirar la piedra, la soluci\u00f3n no es ni en andar descalzo ni en permitir que la piedra nos haga una llaga.<\/p>\n<p>Aunque el efecto es ese, la comparaci\u00f3n no es afortunada, porque las piedras en el zapato no son necesarias y muchas de lo que nosotros llamamos las &#8216;man\u00ed\u00adas&#8217; de Mercedes si no son necesarias, al menos nos hacen la vida m\u00e1s f\u00e1cil. Son las obligaciones que no queremos asumir, las peque\u00f1as cargas de cada d\u00ed\u00ada que a ella la desesperan y a nosotros nos desespera hacer. Bueno, el caso es que se hace la dura para llevarnos &#8216;a raya&#8217;. De dura no tiene nada, pero frecuentemente, a fuerza de representar ese papel, se llena de contracturas que le producen dolor y la consumen. Porque Mercedes no libera tensiones. Le cuesta encontrar un momento para relajarse y abandonarse a un peque\u00f1o placer para descargar la tensi\u00f3n. A m\u00ed\u00ad me duele eso, porque mis momentos de paz se los debo casi todos a ella. Abrazado como el n\u00e1ufrago a un madero, aunque me llame pesado o se queje de alguna menudencia, yo me siento vivo, olvido mis problemas y las preocupaciones dejan de agobiarme.<\/p>\n<p>Cuando tengo que resolver un problema complicado se lo cuento, cuando me preocupa algo se lo cuento y cuando me preocupa mucho se lo cuento una y otra vez, desentra\u00f1ando todos los matices hasta que el nudo se ha convertido en un ovillo y puedo guardarlo y pasar al siguiente instante de la vida. A Mercedes siempre le ha pasado que, como habla poco, escucha muy bien. Los que hablamos mucho hay veces que nos olvidamos d escuchar porque mientras el otro habla, estamos ocupados preparando nuestro pr\u00f3ximo argumento.<\/p>\n<p>Me alegro de que est\u00e9 en Murcia porque all\u00ed\u00ad s\u00e9 que los cuidados de su madre y la compa\u00f1\u00ed\u00ada de su hermana la benefician enormemente y all\u00ed\u00ad encuentra formas de desahogarse que no tiene aqu\u00ed\u00ad y esas dificultades que encuentra a diario para descargarse de tensiones desaparecen en gran medida y al propio tiempo encuentra que puede devolver a su familia otro tanto, compartiendo, sobre todo con su madre y su hermana lo que en la distancia y por tel\u00e9fono no puede transmitir.<\/p>\n<p>Sin embargo no dejo de sentirme como si mientras ella respira, yo tuviera que contener la respiraci\u00f3n. No es un punto de vista ego\u00ed\u00adsta porque no quiero lo contrario ni desear\u00ed\u00ada privarla de estos d\u00ed\u00adas, pero no puedo evitar experimentar su ausencia como un vac\u00ed\u00ado importante en mi vida, aunque a veces parezca que  son solo unas frases cortas y r\u00e1pidas por la ma\u00f1ana, un comer y que bueno est\u00e1 con caf\u00e9 al medio d\u00ed\u00ada, dos o tres gru\u00f1idos por la tarde, un arrumaco casi a hurtadillas, un rato sentados frente a la televisi\u00f3n y unos tirones de las s\u00e1banas acompa\u00f1ados de alg\u00fan ronquido, la verdad es que prescindir de todo eso lo pone en valor porque no es solo su presencia, es tambi\u00e9n &#8230;saber que est\u00e1 ah\u00ed\u00ad. As\u00ed\u00ad que no es que contenga la respiraci\u00f3n, es que me falta el aire cuando ella no est\u00e1.<\/p>\n<p>Y todo eso debe ser, simplemente, que la hecho de menos. No se me escapa que en parte esa es otra de las finalidades del viaje. Al dejarnos que la echemos de menos Mercedes nos pregunta si la necesitamos, en realidad nos hace una demostraci\u00f3n pr\u00e1ctica. Pero este vac\u00ed\u00ado y esta a\u00f1oranza es, como el miedo, un viejo amigo que en realidad no nos muestra la cara amarga de la vida sino que simplemente resalta su parte mas dulce.<\/p>\n","protected":false},"excerpt":{"rendered":"<p>Siempre he dicho que lo m\u00e1s importante que aprend\u00ed\u00ad en el paracaidismo es a reconocer el miedo. Cuando se ha experimentado aut\u00e9ntico miedo, desaparece la mayor parte del mismo, pues normalmente tenemos miedo a tener miedo, tenemos miedo a lo &hellip; <a href=\"https:\/\/robertopla.net\/blog\/me-falta-el-aire.htm\">Sigue leyendo <span class=\"meta-nav\">&rarr;<\/span><\/a><\/p>\n","protected":false},"author":1,"featured_media":0,"comment_status":"open","ping_status":"open","sticky":false,"template":"","format":"standard","meta":{"footnotes":""},"categories":[8],"tags":[],"class_list":["post-11","post","type-post","status-publish","format-standard","hentry","category-omblogo"],"_links":{"self":[{"href":"https:\/\/robertopla.net\/blog\/wp-json\/wp\/v2\/posts\/11","targetHints":{"allow":["GET"]}}],"collection":[{"href":"https:\/\/robertopla.net\/blog\/wp-json\/wp\/v2\/posts"}],"about":[{"href":"https:\/\/robertopla.net\/blog\/wp-json\/wp\/v2\/types\/post"}],"author":[{"embeddable":true,"href":"https:\/\/robertopla.net\/blog\/wp-json\/wp\/v2\/users\/1"}],"replies":[{"embeddable":true,"href":"https:\/\/robertopla.net\/blog\/wp-json\/wp\/v2\/comments?post=11"}],"version-history":[{"count":0,"href":"https:\/\/robertopla.net\/blog\/wp-json\/wp\/v2\/posts\/11\/revisions"}],"wp:attachment":[{"href":"https:\/\/robertopla.net\/blog\/wp-json\/wp\/v2\/media?parent=11"}],"wp:term":[{"taxonomy":"category","embeddable":true,"href":"https:\/\/robertopla.net\/blog\/wp-json\/wp\/v2\/categories?post=11"},{"taxonomy":"post_tag","embeddable":true,"href":"https:\/\/robertopla.net\/blog\/wp-json\/wp\/v2\/tags?post=11"}],"curies":[{"name":"wp","href":"https:\/\/api.w.org\/{rel}","templated":true}]}}