{"id":110,"date":"2006-12-17T15:08:08","date_gmt":"2006-12-17T13:08:08","guid":{"rendered":"http:\/\/robertopla.net\/blog\/empanada-de-berberechos.htm"},"modified":"2006-12-17T15:08:08","modified_gmt":"2006-12-17T13:08:08","slug":"empanada-de-berberechos","status":"publish","type":"post","link":"https:\/\/robertopla.net\/blog\/empanada-de-berberechos.htm","title":{"rendered":"Empanada de Berberechos"},"content":{"rendered":"<p>Siguiendo con nuestro periplo gastron\u00f3mico sin movernos de Figueras, este s\u00e1bado hab\u00edamos encargado a Carmen, del bar &#8216;Aqui te espero&#8217; una <a href=\"http:\/\/www.afuegolento.com\/recetas\/casa\/3514\/\">empanada de berberechos<\/a>. Cuando llegamos la mujer estaba preocupada porque los berberechos deben andar escasos y hab\u00edan encarecido la empanada. Os puedo asegurar que a pesar del encarecimiento la &#8216;dolorosa&#8217; no hizo estragos y sin embargo la empanada supo a poco.<\/p>\n<p>En cierta medida, el segundo plato le rob\u00f3 el protagonismo a la empanada. Carmen nos puso una \u00abCarne o Caldeiro\u00bb y solo nos dijo que no era ni guisada, ni hervida ni asada ni a la plancha. Pocas pistas. Al final, es cierto que la carne no parec\u00eda hervida, a pesar de lo que dicen <a href=\"http:\/\/www.euroresidentes.com\/Recetas\/cocina-gallega\/carne-o-caldeiro.htm\">algunas recetas<\/a>, porque no estaba acuosa o &#8216;ahogada&#8217; como suelen parecer algunas carnes que se han empapado de agua.<\/p>\n<p>Dedujimos que deb\u00eda estar hecha al vapor, pero Carmen no quiso desvelarnos el misterio. En cualquier caso, estaba absolutamente exquisita. Parece mentira como unos simples trozos de carne con unas patatas pueden adquirir tal car\u00e1cter de exquisitez. Mariona nos dijo que se pod\u00eda hacer en la Olla a presi\u00f3n. No s\u00e9 si lo ha encontrado en internet o en el manual de recetas de la olla a presi\u00f3n, una fuente de sabiduria culinaria pr\u00e1ctica que merece un sitio al lado de los mejores tratados de cocina.<\/p>\n<p>De postre renunciamos a la c\u00e9lebre tarta de Santiago en beneficio de la tarta de membrillo que le disputa el primer puesto entre los postres de la casa. Esta vez me dej\u00e9 la c\u00e1mara en casa y no hay foto, pero prometo ponerla cuando repitamos, porque la experiencia merece una segunda vuelta.<\/p>\n<p>Por la tarde, copas y charla en casa. Y yo, mi siesta reglamentaria en la cama, que luego me duermo en el sof\u00e1 y se meten conmigo.<\/p>\n","protected":false},"excerpt":{"rendered":"<p>Siguiendo con nuestro periplo gastron\u00f3mico sin movernos de Figueras, este s\u00e1bado hab\u00edamos encargado a Carmen, del bar &#8216;Aqui te espero&#8217; una empanada de berberechos. Cuando llegamos la mujer estaba preocupada porque los berberechos deben andar escasos y hab\u00edan encarecido la &hellip; <a href=\"https:\/\/robertopla.net\/blog\/empanada-de-berberechos.htm\">Sigue leyendo <span class=\"meta-nav\">&rarr;<\/span><\/a><\/p>\n","protected":false},"author":1,"featured_media":0,"comment_status":"open","ping_status":"open","sticky":false,"template":"","format":"standard","meta":{"footnotes":""},"categories":[8],"tags":[],"class_list":["post-110","post","type-post","status-publish","format-standard","hentry","category-omblogo"],"_links":{"self":[{"href":"https:\/\/robertopla.net\/blog\/wp-json\/wp\/v2\/posts\/110","targetHints":{"allow":["GET"]}}],"collection":[{"href":"https:\/\/robertopla.net\/blog\/wp-json\/wp\/v2\/posts"}],"about":[{"href":"https:\/\/robertopla.net\/blog\/wp-json\/wp\/v2\/types\/post"}],"author":[{"embeddable":true,"href":"https:\/\/robertopla.net\/blog\/wp-json\/wp\/v2\/users\/1"}],"replies":[{"embeddable":true,"href":"https:\/\/robertopla.net\/blog\/wp-json\/wp\/v2\/comments?post=110"}],"version-history":[{"count":0,"href":"https:\/\/robertopla.net\/blog\/wp-json\/wp\/v2\/posts\/110\/revisions"}],"wp:attachment":[{"href":"https:\/\/robertopla.net\/blog\/wp-json\/wp\/v2\/media?parent=110"}],"wp:term":[{"taxonomy":"category","embeddable":true,"href":"https:\/\/robertopla.net\/blog\/wp-json\/wp\/v2\/categories?post=110"},{"taxonomy":"post_tag","embeddable":true,"href":"https:\/\/robertopla.net\/blog\/wp-json\/wp\/v2\/tags?post=110"}],"curies":[{"name":"wp","href":"https:\/\/api.w.org\/{rel}","templated":true}]}}