{"id":116,"date":"2006-12-29T23:55:04","date_gmt":"2006-12-29T21:55:04","guid":{"rendered":"http:\/\/robertopla.net\/blog\/parada-en-valencia.htm"},"modified":"2006-12-29T23:55:04","modified_gmt":"2006-12-29T21:55:04","slug":"parada-en-valencia","status":"publish","type":"post","link":"https:\/\/robertopla.net\/blog\/parada-en-valencia.htm","title":{"rendered":"Parada en Valencia"},"content":{"rendered":"<p>En Valencia tenemos bastantes amigos. Trat\u00e1ndose de un lugar de paso entre Figueres y Murcia, no deber\u00eda ser dif\u00edcil verlos con frecuencia. Sin embargo, no es f\u00e1cil.<\/p>\n<p>Cuando vamos hacia Murcia llegamos a Valencia cansados de carretera y deseando llegar a nuestro destino. Si es por la tarde, cosa que ocurre con frecuencia, no podemos parar porque llegar\u00edamos a Murcia demasiado tarde, obligando a quienes nos esperan a trasnochar m\u00e1s de la cuenta. Si vamos hacia Figueres la parada en Valencia ocurre demasiado pronto y viajar despu\u00e9s de comer, con el est\u00f3mago lleno y m\u00e1s de quinientos kil\u00f3metros por delante, es poco agradable. Tambi\u00e9n en estas ocasiones solemos hacer el viaje con el tiempo justo y el ojo visto en los atascos alrededor de Barcelona que suelen resultar la parte m\u00e1s penosa del viaje y que conviene sortear cuanto m\u00e1s temprano mejor.<\/p>\n<p>Por otra parte tenemos que repartir las visitas entre unos amigos y otros, lo que a\u00fan las hace m\u00e1s espaciadas. Esta vez hab\u00edamos llamado a Maria Jos\u00e9 y Toni y esper\u00e1bamos ver tambi\u00e9n a Claudio y a Roc\u00edo.<\/p>\n<p>Conocimos a Claudio y Roc\u00edo en el viaje a Roma de hace quince a\u00f1os. Desde el primer d\u00eda y durante todo el viaje, junto a Africa y Paco fuimos juntos a todos los sitios. El viaje a Roma de este a\u00f1o estaba previsto que fuera una reedici\u00f3n de aquel, que compartir\u00edamos los seis, pero algunos problemas familiares impidieron a unos y a otros acompa\u00f1arnos y nos fuimos solos.<\/p>\n<p>Maria Jos\u00e9 y Toni eran amigos de Claudio y Rocio y les conocimos en su boda. Congeniamos tan bien que cuando se casaron tambi\u00e9n nos invitaron a la boda. Si hacemos un recuento de las horas o los d\u00edas que nos hemos visto puede resultar chocante como se puede apreciar tanto a unas personas con las que se ha convivido tan poco, pero ellos y sus hijos son realmente como parte de nuestra familia en Valencia.<\/p>\n<p>El d\u00eda del viaje, viernes y laborable hac\u00eda complicada la reuni\u00f3n. Finalmente decidimos que comer\u00edamos juntos sobre las tres de la tarde cuando Maria Jos\u00e9 saliera del trabajo. Finalmente Claudio no pudo esquivar algunas obligaciones y no pudo acudir, pero Roc\u00edo y la hija de ambos, Clara, estuvieron con nosotros.<\/p>\n<div style=\"text-align:center;\">\n<p><a href=\"http:\/\/www.flickr.com\/photos\/fotero\/339059786\/\"><img decoding=\"async\" src=\"http:\/\/robertopla.net\/blog\/img\/val061229.jpg\" border=\"0\"\/><\/a><\/p>\n<\/div>\n<p>Toni hab\u00eda reservado mesa en un restaurante cercano a su casa. Un lugar peculiar titulado \u201cTaverna \u00e2\u20ac\u201c Xarcuteria Carmen de Ronda\u201d donde nos ofrecieron el men\u00fa del d\u00eda que por 8,80 euros se compon\u00eda de un plato a elegir entre los tres del d\u00eda y un segundo de una lista de nueve o diez, con vino, pan, postre y caf\u00e9.<\/p>\n<p><img decoding=\"async\" src=\"http:\/\/robertopla.net\/blog\/img\/carmenronda.png\" border=\"0\" alt=\"Logotipo\" title=\"Logotipo\" style=\"border-style: none; float: left; position: relative; left: 0px; padding-right: 10px; padding-bottom: 10px;\" \/>Todos los platos que prob\u00e9 eran marcadamente caseros y sobre la mesa los acompa\u00f1aban unas cestas de un pan tierno con aceite y piment\u00f3n por encima. La crema de champi\u00f1ones o las lentejas y las croquetas eran como las que habr\u00eda hecho la abuela, con una textura y un sabor poco frecuentes en un men\u00fa econ\u00f3mico. Las alb\u00f3ndigas, el jam\u00f3n serrano y el lac\u00f3n que prob\u00e9 tambi\u00e9n estaban muy buenos, aunque no puede decirse lo mismo de los chorizos a la sidra, puro sebo especiado en exceso. El calificativo global fue de muy bueno y para repetir. Me traje la tarjeta para no olvidarme de poner aqu\u00ed la direcci\u00f3n: <a href=\"http:\/\/www.viamichelin.es\/viamichelin\/esp\/dyn\/controller\/mapPerformPage?strCountry=844&#038;strAddress=Carrer+de+Lorca+3&#038;strCP=46018+&#038;strLocation=Valencia&#038;x=188&#038;y=115\">C\/Lorca 3, 46018 Valencia<\/a>.<\/p>\n","protected":false},"excerpt":{"rendered":"<p>En Valencia tenemos bastantes amigos. Trat\u00e1ndose de un lugar de paso entre Figueres y Murcia, no deber\u00eda ser dif\u00edcil verlos con frecuencia. Sin embargo, no es f\u00e1cil. Cuando vamos hacia Murcia llegamos a Valencia cansados de carretera y deseando llegar &hellip; <a href=\"https:\/\/robertopla.net\/blog\/parada-en-valencia.htm\">Sigue leyendo <span class=\"meta-nav\">&rarr;<\/span><\/a><\/p>\n","protected":false},"author":1,"featured_media":0,"comment_status":"open","ping_status":"open","sticky":false,"template":"","format":"standard","meta":{"footnotes":""},"categories":[10],"tags":[],"class_list":["post-116","post","type-post","status-publish","format-standard","hentry","category-viajes"],"_links":{"self":[{"href":"https:\/\/robertopla.net\/blog\/wp-json\/wp\/v2\/posts\/116","targetHints":{"allow":["GET"]}}],"collection":[{"href":"https:\/\/robertopla.net\/blog\/wp-json\/wp\/v2\/posts"}],"about":[{"href":"https:\/\/robertopla.net\/blog\/wp-json\/wp\/v2\/types\/post"}],"author":[{"embeddable":true,"href":"https:\/\/robertopla.net\/blog\/wp-json\/wp\/v2\/users\/1"}],"replies":[{"embeddable":true,"href":"https:\/\/robertopla.net\/blog\/wp-json\/wp\/v2\/comments?post=116"}],"version-history":[{"count":0,"href":"https:\/\/robertopla.net\/blog\/wp-json\/wp\/v2\/posts\/116\/revisions"}],"wp:attachment":[{"href":"https:\/\/robertopla.net\/blog\/wp-json\/wp\/v2\/media?parent=116"}],"wp:term":[{"taxonomy":"category","embeddable":true,"href":"https:\/\/robertopla.net\/blog\/wp-json\/wp\/v2\/categories?post=116"},{"taxonomy":"post_tag","embeddable":true,"href":"https:\/\/robertopla.net\/blog\/wp-json\/wp\/v2\/tags?post=116"}],"curies":[{"name":"wp","href":"https:\/\/api.w.org\/{rel}","templated":true}]}}