{"id":1463,"date":"2011-01-02T23:33:30","date_gmt":"2011-01-02T22:33:30","guid":{"rendered":"http:\/\/robertopla.net\/blog\/?p=1463"},"modified":"2011-01-02T23:33:30","modified_gmt":"2011-01-02T22:33:30","slug":"recopilacion-2010","status":"publish","type":"post","link":"https:\/\/robertopla.net\/blog\/recopilacion-2010.htm","title":{"rendered":"Recopilaci\u00f3n 2010"},"content":{"rendered":"<p>Al llegar el \u00faltimo d\u00eda del a\u00f1o estaba pensando si har\u00eda una lista de <a href=\"http:\/\/robertopla.net\/blog\/propositos-de-enmienda.htm\">prop\u00f3sitos<\/a> o <a href=\"http:\/\/robertopla.net\/blog\/anyo-nuevo-mentiras-viejas.htm\">lamentarme nuevamente<\/a> por el ciclo de explotaci\u00f3n que supone el paso de los a\u00f1os y la cacareada &#8216;crisis&#8217; sin que veamos un cambio real o un remedio que d\u00e9 m\u00ednima satisfacci\u00f3n a la sed de justicia del ser humano.<br \/>\nAl final creo que lo m\u00e1s acertado ser\u00e1 hacer una recopilaci\u00f3n de lo significativo y positivo transcurrido en el a\u00f1o 2010, un recurso tambi\u00e9n muy utilizado por otros medios m\u00e1s tradicionales.<br \/>\nUno de los hitos significativos de este a\u00f1o es que he empezado a <a href=\"http:\/\/robertopla.net\/blog\/trazando-mapas-libres.htm\">mapear de forma regular con OpenStreetMap<\/a>. Y creo que mi actividad ha dado un peque\u00f1o fruto porque aqu\u00ed puede verse el estado del mapa de Figueres el d\u00eda 16 de agosto de 2010 hace cuatro meses y medio cuando apenas hab\u00eda empezado a trazar alguna calle.<\/p>\n<p style=\"text-align: center;\"><a href=\"http:\/\/www.flickr.com\/photos\/fotero\/4885599375\/\"><img decoding=\"async\" src=\"http:\/\/farm5.static.flickr.com\/4139\/4885599375_bf4b9f72e4.jpg\" style=\"border: medium none; width: 450px; height: 212px;\" alt=\"Figueres en OSM\" title=\"Figueres en OSM\"><\/a><\/p>\n<p>Y aqui puede verse la situaci\u00f3n actual con un mapa casi completo de Figueres:<\/p>\n<p style=\"text-align: center;\"><a href=\"http:\/\/www.flickr.com\/photos\/fotero\/5309240626\/\"><img decoding=\"async\" src=\"http:\/\/farm6.static.flickr.com\/5086\/5309240626_f1c3120694.jpg\"  style=\"border: medium none; width: 450px; height: 223px;\" alt=\"Figueres en OSM\" title=\"Figueres en OSM\"><\/a><\/p>\n<p>Por supuesto tambi\u00e9n ha intervenido alg\u00fan otro usuario. La cultura libre no es una tarea personal, es una obra de la comunidad. Una comunidad a la que me siento orgulloso de pertenecer y contribuir.<br \/>\nAl hacer esta comparaci\u00f3n he visto que la nueva estaci\u00f3n de Figueres ya ha sido a\u00f1adida al mapa. Lo ha hecho <a href=\"http:\/\/www.openstreetmap.org\/user\/sladen\">sladen<\/a> un usuario que mapea habitualmente zonas de Inglaterra y que debe ser, por tanto, vecino de ese pa\u00eds. A\u00f1ade una nota a su edici\u00f3n: \u00ab<em>Mejor estimaci\u00f3n de la ubicacion basada en las im\u00e1genes disponibles en Flickr. Requiere una exploraci\u00f3n ahora que est\u00e1 en servicio<\/em>\u00ab, lo que me lleva a recordar que tengo que pasar por la estaci\u00f3n con mi <a href=\"http:\/\/robertopla.net\/blog\/gps-datalogger-igotu-600.htm\">GPS i-GOTU<\/a>, otra novedad de este a\u00f1o.<br \/>\nNaturalmente han ocurrido otras cosas importantes. Por ejemplo en el mes de junio me aseguraron mi destino por tres a\u00f1os m\u00e1s.<br \/>\nEn el aspecto aeron\u00e1utico el a\u00f1o empez\u00f3 con la inauguraci\u00f3n del Aeropuerto de <a href=\"http:\/\/robertopla.net\/blog\/aeropuerto-de-lleida-alguarire.htm\">Lleida-Alguarire<\/a> y finaliza con el l\u00edo de los controladores, sobre el que no he escrito ni escribir\u00e9 opini\u00f3n alguna porque estoy implicado profesionalmente en el tema y por tanto obligado a la discreci\u00f3n. En el aspecto aeron\u00e1utico tambi\u00e9n destacar la visita, invitado por Iberia al Centro de Mantenimiento de \u00abLa Mu\u00f1oza\u00bb y en Octubre a la <a href=\"http:\/\/robertopla.net\/blog\/hangar-iberia.htm\">inauguraci\u00f3n del hangar<\/a> de mantenimiento del Prat, donde hice una <a href=\"http:\/\/www.flickr.com\/photos\/fotero\/sets\/72157625193792002\/\">serie de fotos<\/a> que resultaron ser muy visitadas en Flickr.<br \/>\nEsta ha sido tambi\u00e9n el a\u00f1o de la rebeli\u00f3n en la red contra la llamada <a href=\"http:\/\/robertopla.net\/blog\/manifiesto.htm\">Ley Sinde<\/a>, algo que no tiene nada que ver con la mal llamada pirater\u00eda ni con los derechos de autor, lo que los internautas queremos es que no nos cuelen medidas anticonstitucionales a cuenta de los intereses de entidades privadas y los deseos de potencias extranjeras. Queremos <a href=\"http:\/\/robertopla.net\/blog\/a-partir-de-hoy-red-y-libertad.htm\">Red y Libertad<\/a> y vamos a luchar por ello. <\/p>\n<p align=\"center\"><img loading=\"lazy\" decoding=\"async\" src=\"http:\/\/robertopla.net\/blog\/img\/manifiesto-eneko-1.jpg\" alt=\"Eneko\/20minutos.es\" title=\"Eneko\/20minutos.es\" height=\"257\" border=\"0\" vspace=\"5\" width=\"380\"><\/p>\n<p>En el aspecto familiar y personal, <a href=\"http:\/\/robertopla.net\/blog\/retraso-en-el-prat.htm\">viajamos a Praga<\/a> y dict\u00e9 una conferencia en Barcelona sobre un concepto que me parece muy interesante y sobre el que quiero volver para pulirlo, el de la <a href=\"http:\/\/robertopla.net\/blog\/aviacio-2-0.htm\">Aviaci\u00f3n 2.0<\/a>.<br \/>\nEn el apartado amigos, tuve el placer de leer y asistir al nacimiento del nuevo libro de un gran escritor buen amigo y estupendo libro: \u00ab<a href=\"http:\/\/robertopla.net\/blog\/en-el-umbral-de-la-muerte.htm\">En el umbral de la muerte<\/a>\u00bb y tambi\u00e9n tuve el placer de asistir a la entrega de la \u00ab<a href=\"http:\/\/robertopla.net\/blog\/la-fulla-de-figuera-de-plata.htm\">Fulla de Figuera de Plata<\/a>\u00bb a los Padrosa, en reconocimiento de su labor de mecenazgo en la difusi\u00f3n de la ciencia y la tecnolog\u00eda.<br \/>\nUn a\u00f1o muy completo y con muchas cosas buenas. De las malas no merece la pena hablar, porque estoy seguro de que con un poco de ilusi\u00f3n y esfuerzo, se esfumar\u00e1n en el transcurso de este a\u00f1o que empieza y que quiero desearos a todos tan feliz y divertido como yo espero disfrutarlo.<\/p>\n","protected":false},"excerpt":{"rendered":"<p>Al llegar el \u00faltimo d\u00eda del a\u00f1o estaba pensando si har\u00eda una lista de prop\u00f3sitos o lamentarme nuevamente por el ciclo de explotaci\u00f3n que supone el paso de los a\u00f1os y la cacareada &#8216;crisis&#8217; sin que veamos un cambio real &hellip; <a href=\"https:\/\/robertopla.net\/blog\/recopilacion-2010.htm\">Sigue leyendo <span class=\"meta-nav\">&rarr;<\/span><\/a><\/p>\n","protected":false},"author":1,"featured_media":0,"comment_status":"open","ping_status":"open","sticky":false,"template":"","format":"standard","meta":{"footnotes":""},"categories":[8],"tags":[],"class_list":["post-1463","post","type-post","status-publish","format-standard","hentry","category-omblogo"],"_links":{"self":[{"href":"https:\/\/robertopla.net\/blog\/wp-json\/wp\/v2\/posts\/1463","targetHints":{"allow":["GET"]}}],"collection":[{"href":"https:\/\/robertopla.net\/blog\/wp-json\/wp\/v2\/posts"}],"about":[{"href":"https:\/\/robertopla.net\/blog\/wp-json\/wp\/v2\/types\/post"}],"author":[{"embeddable":true,"href":"https:\/\/robertopla.net\/blog\/wp-json\/wp\/v2\/users\/1"}],"replies":[{"embeddable":true,"href":"https:\/\/robertopla.net\/blog\/wp-json\/wp\/v2\/comments?post=1463"}],"version-history":[{"count":0,"href":"https:\/\/robertopla.net\/blog\/wp-json\/wp\/v2\/posts\/1463\/revisions"}],"wp:attachment":[{"href":"https:\/\/robertopla.net\/blog\/wp-json\/wp\/v2\/media?parent=1463"}],"wp:term":[{"taxonomy":"category","embeddable":true,"href":"https:\/\/robertopla.net\/blog\/wp-json\/wp\/v2\/categories?post=1463"},{"taxonomy":"post_tag","embeddable":true,"href":"https:\/\/robertopla.net\/blog\/wp-json\/wp\/v2\/tags?post=1463"}],"curies":[{"name":"wp","href":"https:\/\/api.w.org\/{rel}","templated":true}]}}