{"id":1484,"date":"2011-01-06T14:48:26","date_gmt":"2011-01-06T13:48:26","guid":{"rendered":"http:\/\/robertopla.net\/blog\/?p=1484"},"modified":"2023-11-20T20:24:38","modified_gmt":"2023-11-20T19:24:38","slug":"independencia","status":"publish","type":"post","link":"https:\/\/robertopla.net\/blog\/independencia.htm","title":{"rendered":"Independencia"},"content":{"rendered":"<p>Un excelente, ingenioso y divertido punto de vista sobre una guerra en la que se encuentra la base de nuestra sociedad moderna y sobre la Espa\u00f1a que nos toca vivir a cada uno.<br \/>\nEl fracaso del constitucionalismo, que nace propiciado por la abdicaci\u00f3n de la corona de sus obligaciones y muere v\u00edctima de las ambiciones, estupidez y tiran\u00eda de un rey fel\u00f3n, de una clase acomodada panzista y retr\u00f3gada y de un pueblo amuermado, saqueado, expoliado, apaleado y vencido.<\/p>\n<p style=\"text-align: center;\"><iframe loading=\"lazy\" title=\"YouTube video player\" src=\"https:\/\/www.youtube.com\/embed\/eoy8yC53ASs?si=u21FaZT-ZYQ_ptrA\" width=\"560\" height=\"315\" frameborder=\"0\" allowfullscreen=\"allowfullscreen\"><\/iframe><\/p>\n<p>Que esa guerra tan triste, tan in\u00fatil y tan injusta -como casi todas, por otra parte- sea la base de la mayor parte del patriotismo sentimental en el que nos hemos educado es una de las causas de su debilidad. Si nuestro orgullo se basa en el odio al vecino no tiene peor base ni supone peor germen, porque el vecino no puede seguir siendo malo toda la vida y el concepto de vecino pasa a ser cada vez m\u00e1s cercano y acaba siendo patriotismo odiar a todos menos a uno mismo, erigido en poseedor de la verdad absoluta, enarbolador de la raz\u00f3n \u00faltima que nos justifica para cambiar la historia y masacrar al diferente convirtiendo en una pr\u00e1ctica de odio lo que deber\u00eda ser un ejercicio de amor.<\/p>\n<p><strong>Editado el 20\/11\/2023<\/strong> para actualizar el sistema de inserci\u00f3n del v\u00eddeo, creo que el comentario necesita algun dato m\u00e1s. Independencia es un corto de Felipe Vara del Rey, que qued\u00f3 finalista de la novena edici\u00f3n de Jameson Notodofilmfest en 2011. Puede <a href=\"https:\/\/youtu.be\/eoy8yC53ASs?si=uz3sQ9gs4BwyHPbU\">verse en Youtube<\/a> donde incluso hay una transcripci\u00f3n del divertido e inteligente di\u00e1logo.<\/p>\n","protected":false},"excerpt":{"rendered":"<p>Dos hombres ante la Espa\u00f1a que les ha tocado vivir. <a href=\"https:\/\/robertopla.net\/blog\/independencia.htm\">Sigue leyendo <span class=\"meta-nav\">&rarr;<\/span><\/a><\/p>\n","protected":false},"author":1,"featured_media":0,"comment_status":"open","ping_status":"open","sticky":false,"template":"","format":"standard","meta":{"footnotes":""},"categories":[5],"tags":[64,166,172,235,282,318,359],"class_list":["post-1484","post","type-post","status-publish","format-standard","hentry","category-fugaces","tag-cine","tag-historia","tag-humor","tag-militar","tag-politica","tag-sociedad","tag-video"],"_links":{"self":[{"href":"https:\/\/robertopla.net\/blog\/wp-json\/wp\/v2\/posts\/1484","targetHints":{"allow":["GET"]}}],"collection":[{"href":"https:\/\/robertopla.net\/blog\/wp-json\/wp\/v2\/posts"}],"about":[{"href":"https:\/\/robertopla.net\/blog\/wp-json\/wp\/v2\/types\/post"}],"author":[{"embeddable":true,"href":"https:\/\/robertopla.net\/blog\/wp-json\/wp\/v2\/users\/1"}],"replies":[{"embeddable":true,"href":"https:\/\/robertopla.net\/blog\/wp-json\/wp\/v2\/comments?post=1484"}],"version-history":[{"count":2,"href":"https:\/\/robertopla.net\/blog\/wp-json\/wp\/v2\/posts\/1484\/revisions"}],"predecessor-version":[{"id":5126,"href":"https:\/\/robertopla.net\/blog\/wp-json\/wp\/v2\/posts\/1484\/revisions\/5126"}],"wp:attachment":[{"href":"https:\/\/robertopla.net\/blog\/wp-json\/wp\/v2\/media?parent=1484"}],"wp:term":[{"taxonomy":"category","embeddable":true,"href":"https:\/\/robertopla.net\/blog\/wp-json\/wp\/v2\/categories?post=1484"},{"taxonomy":"post_tag","embeddable":true,"href":"https:\/\/robertopla.net\/blog\/wp-json\/wp\/v2\/tags?post=1484"}],"curies":[{"name":"wp","href":"https:\/\/api.w.org\/{rel}","templated":true}]}}