{"id":1575,"date":"2011-02-27T19:49:51","date_gmt":"2011-02-27T18:49:51","guid":{"rendered":"http:\/\/robertopla.net\/blog\/?p=1575"},"modified":"2011-02-27T19:49:51","modified_gmt":"2011-02-27T18:49:51","slug":"jean-larteguy","status":"publish","type":"post","link":"https:\/\/robertopla.net\/blog\/jean-larteguy.htm","title":{"rendered":"Jean Lart\u00e9guy"},"content":{"rendered":"<p>Leo en el diario El Pais que <a href=\"http:\/\/www.elpais.com\/articulo\/Necrologicas\/Jean\/Larteguy\/militar\/escritor\/frances\/elpepinec\/20110227elpepinec_1\/Tes\">Jean Lart\u00e9guy ha muerto<\/a>. En realidad se llamaba Jean Pierre Lucien Osty y era un escritor y periodista franc\u00e9s. Ten\u00eda 90 a\u00f1os y su \u00faltimo libro se public\u00f3 en 1996.<br \/>\nPara mi fue un escritor revelaci\u00f3n y coleccion\u00e9 y le\u00ed cuantos libros suyos pude encontrar publicados en castellano durante una \u00e9poca de mi vida, b\u00e1sicamente entre 1978 y 1982. En realidad hab\u00eda visto a mi t\u00eda Sabina leer alguno de los libros de la trilog\u00eda con la que triunf\u00f3: \u00abLos centuriones\u00bb, \u00abLos mercenarios\u00bb o \u00abLos pretorianos\u00bb. Eran los a\u00f1os sesenta y a mi me llamaron la atenci\u00f3n los t\u00edtulos y la tem\u00e1tica b\u00e9lica que trascend\u00eda de ellos. <\/p>\n<p style=\"text-align:center;\"><a href=\"http:\/\/www.flickr.com\/photos\/fotero\/5482978170\/\"><img decoding=\"async\" src=\"http:\/\/farm6.static.flickr.com\/5052\/5482978170_101ef2bd4b.jpg\" style=\"border:none;width:450px;height:300px\"  alt=\"la trilog\u00eda\"  title=\"la trilog\u00eda\"\/><\/a><\/p>\n<p>No recuerdo con exactitud cual fue el primer libro que compr\u00e9, algunos tienen las supuestas fechas de compra escrita en la primera p\u00e1gina, puede que fuera en 1978 \u00abLos bufones\u00bb y luego, uno tras otro en la librer\u00eda \u00ab2 Hermanos\u00bb de Santiago de la Ribera fui comprando los libros que le\u00eda en vez de estudiar. Adem\u00e1s de la trilog\u00eda, \u00abTambores de Bronce\u00bb, \u00abEn busca de un crucificado\u00bb, \u00abViaje al fin de la Guerra\u00bb, \u00abTierra de Asilo\u00bb,&#8230;todos hablaban de la guerra y de los hombres que la hac\u00edan de una forma directa, cercana, intensa, entre la critica, la amargura y la decepci\u00f3n, con una inmensa nostalgia, no de la propia guerra, sino de los camaradas perdidos, de los ideales truncados, las ilusiones arrasadas.<br \/>\nSe hizo m\u00e1s dif\u00edcil encontrar nuevos libros suyos al mismo tiempo que mis obligaciones profesionales y familiares me dejaban algo menos de tiempo para leer y la batalla diaria de la vida reclamaba mi atenci\u00f3n m\u00e1s que las batallas de papel en las p\u00e1ginas de los libros, aunque a\u00fan compr\u00e9 \u00abLos Guerrilleros\u00bb, \u00abEl oro del Diablo\u00bb y \u00abFiu\u00bb.<br \/>\nSin embargo sus libros han seguido alojados en mi biblioteca con los primeros n\u00fameros del registro y mi respeto por su autor tan intacto como en aquellos d\u00edas que devoraba sus p\u00e1ginas en busca del conocimiento de la guerra, pero tambi\u00e9n de la injusticia y de la lucha por unos ideales.<br \/>\nSin embargo hasta hoy no he conocido su interesante biograf\u00eda militar, mucho m\u00e1s completa en El Pais que en la <a href=\"http:\/\/fr.wikipedia.org\/wiki\/Jean_Lart%C3%A9guy\">wikipedia<\/a>. Las biograf\u00edas redactadas por el franquismo dec\u00edan que se hab\u00eda dedicado a escribir \u00abdespu\u00e9s de su servicio militar\u00bb por razones que tras la lectura de su historial, resultan evidentes.<br \/>\nA mi modo de ver no se trata, <a href=\"http:\/\/jcplanells3.wordpress.com\/2007\/09\/05\/autores-olvidados-29-jean-larteguy-novelas-de-indochina\/\">como he le\u00eddo en un blog<\/a> de un autor &#8216;olvidado&#8217;. Yo nunca lo he olvidado y su punto de vista sobre la guerra, la violencia y la injusticia ha marcado intensamente la formaci\u00f3n que no me dieron mis profesores, sino yo mismo a trav\u00e9s de la lectura de sus libros y la meditaci\u00f3n.<br \/>\nSirva pues este articulo como agradecimiento y peque\u00f1o homenaje a uno de los autores de cabecera de mi juventud, periodista, luchador, Caballero de la Orden de la Legi\u00f3n de Honor.<\/p>\n<p style=\"text-align:center;\"><a href=\"http:\/\/www.flickr.com\/photos\/fotero\/5482977450\/\"><img decoding=\"async\" src=\"http:\/\/farm6.static.flickr.com\/5253\/5482977450_21b1e0fb2a.jpg\" style=\"border:none;width:450px;height:300px\"   title=\"Libros de Jean Lart\u00e9guy en mi biblioteca\" alt=\"Libros de Jean Lart\u00e9guy en mi biblioteca\" \/><\/a><\/p>\n","protected":false},"excerpt":{"rendered":"<p>Leo en el diario El Pais que Jean Lart\u00e9guy ha muerto. En realidad se llamaba Jean Pierre Lucien Osty y era un escritor y periodista franc\u00e9s. <a href=\"https:\/\/robertopla.net\/blog\/jean-larteguy.htm\">Sigue leyendo <span class=\"meta-nav\">&rarr;<\/span><\/a><\/p>\n","protected":false},"author":1,"featured_media":0,"comment_status":"open","ping_status":"open","sticky":false,"template":"","format":"standard","meta":{"footnotes":""},"categories":[7],"tags":[139,161,166,177,423,235],"class_list":["post-1575","post","type-post","status-publish","format-standard","hentry","category-libros","tag-francia","tag-guerra","tag-historia","tag-indochina","tag-libros","tag-militar"],"_links":{"self":[{"href":"https:\/\/robertopla.net\/blog\/wp-json\/wp\/v2\/posts\/1575","targetHints":{"allow":["GET"]}}],"collection":[{"href":"https:\/\/robertopla.net\/blog\/wp-json\/wp\/v2\/posts"}],"about":[{"href":"https:\/\/robertopla.net\/blog\/wp-json\/wp\/v2\/types\/post"}],"author":[{"embeddable":true,"href":"https:\/\/robertopla.net\/blog\/wp-json\/wp\/v2\/users\/1"}],"replies":[{"embeddable":true,"href":"https:\/\/robertopla.net\/blog\/wp-json\/wp\/v2\/comments?post=1575"}],"version-history":[{"count":0,"href":"https:\/\/robertopla.net\/blog\/wp-json\/wp\/v2\/posts\/1575\/revisions"}],"wp:attachment":[{"href":"https:\/\/robertopla.net\/blog\/wp-json\/wp\/v2\/media?parent=1575"}],"wp:term":[{"taxonomy":"category","embeddable":true,"href":"https:\/\/robertopla.net\/blog\/wp-json\/wp\/v2\/categories?post=1575"},{"taxonomy":"post_tag","embeddable":true,"href":"https:\/\/robertopla.net\/blog\/wp-json\/wp\/v2\/tags?post=1575"}],"curies":[{"name":"wp","href":"https:\/\/api.w.org\/{rel}","templated":true}]}}