{"id":1643,"date":"2011-03-31T22:01:00","date_gmt":"2011-03-31T20:01:00","guid":{"rendered":"http:\/\/robertopla.net\/blog\/?p=1643"},"modified":"2023-11-15T18:42:29","modified_gmt":"2023-11-15T17:42:29","slug":"entre-dos-fronts","status":"publish","type":"post","link":"https:\/\/robertopla.net\/blog\/entre-dos-fronts.htm","title":{"rendered":"Entre dos fronts"},"content":{"rendered":"<p>El campo de aviaci\u00f3n de La Senia es uno de los m\u00e1s emblem\u00e1ticos de la guerra civil espa\u00f1ola. Su ubicaci\u00f3n cercana a los frentes durante pr\u00e1cticamente todo el conflicto y su uso primero por las Fuerzas A\u00e9reas de la Rep\u00fablica Espa\u00f1ola y m\u00e1s tarde por la Legi\u00f3n C\u00f3ndor le convierten en un importante testigo de la guerra a\u00e9rea durante la contienda.<br \/>\nEl pr\u00f3ximo d\u00eda 23 de abril, en la Casa de la Cultura de La Senia se presenta un documental realizado por el <a href=\"http:\/\/www.campaviaciolasenia.cat\/index.php\/ca\/inici\">Patronato del Campo de Aviaci\u00f3n<\/a> y el Ayuntamiento de La Senia. Esta subtitulado en catal\u00e1n y castellano y podr\u00e1 adquirirse en la web del Patronato. El trailer publicado en Vimeo puede ahora verse en <a href=\"https:\/\/www.ccma.cat\/3cat\/entre-dos-fronts\/video\/3790710\/\">3cat, la web de TV3<\/a><\/p>\n<p>La construcci\u00f3n del campo de aviaci\u00f3n, la llegada de los primeros aviones, accidentes ocurridos en el campo o sus inmediaciones, bombardeos como el de Rossell o la posterior convivencia de la poblaci\u00f3n con los alemanes, son algunos de los temas que tienen cabida en el relato.<br \/>\nEl documental tiene como hilo conductor, a <a href=\"http:\/\/adar.es\/index\/index.php?option=com_content&amp;task=view&amp;id=50&amp;Itemid=#17\">Rafael Ballester Linares<\/a>, a partir del bombardeo que efect\u00fao la aviaci\u00f3n republicana el d\u00eda 16 de diciembre de 1938 al aer\u00f3dromo, ya ocupado por la Legi\u00f3n C\u00f3ndor. En dicho bombardeo el avi\u00f3n Tupolev SB-2 \u00abKatiuska\u00bb en el que Ballester serv\u00eda como observador fue derribado, aunque este pudo saltar en paraca\u00eddas y fue hecho prisionero.<br \/>\nAdem\u00e1s de los testimonios de algunos habitantes del pueblo que cuentan sus vivencias, se incluyen testimonios del piloto de la Legi\u00f3n C\u00f3ndor G\u00fcnther Sholz, el observador ametrallador de \u201cKatiuska\u201d Juan Francisco G\u00f3mez Mart\u00ednez recientemente fallecido y el auxiliar de informaci\u00f3n del ej\u00e9rcito de la rep\u00fablica Miguel de Miguel.<br \/>\nTodo ello conforma una obra que se promete sumamente interesante y que sin duda constituir\u00e1 un elemento imprescindible en la biblioteca de cualquier aficionado o estudioso del tema de la aviaci\u00f3n en la guerra civil.<\/p>\n<p><strong>Nota: Editado el 15\/11\/2023<\/strong> para retirar la inserci\u00f3n del v\u00eddeo que ya no se encuentra en Vimeo y enlazar con su alojamiento en TV3<\/p>\n","protected":false},"excerpt":{"rendered":"<p>El pr\u00f3ximo d\u00eda 23 de abril de 2011, en la Casa de la Cultura de La Senia se presenta un documental realizado por el Patronato del Campo de Aviaci\u00f3n y el Ayuntamiento de La Senia. <a href=\"https:\/\/robertopla.net\/blog\/entre-dos-fronts.htm\">Sigue leyendo <span class=\"meta-nav\">&rarr;<\/span><\/a><\/p>\n","protected":false},"author":1,"featured_media":0,"comment_status":"open","ping_status":"open","sticky":false,"template":"","format":"standard","meta":{"footnotes":""},"categories":[2],"tags":[43,144,161,166,197,359],"class_list":["post-1643","post","type-post","status-publish","format-standard","hentry","category-aerotrastorno","tag-aviacion","tag-gce","tag-guerra","tag-historia","tag-legion-condor","tag-video"],"_links":{"self":[{"href":"https:\/\/robertopla.net\/blog\/wp-json\/wp\/v2\/posts\/1643","targetHints":{"allow":["GET"]}}],"collection":[{"href":"https:\/\/robertopla.net\/blog\/wp-json\/wp\/v2\/posts"}],"about":[{"href":"https:\/\/robertopla.net\/blog\/wp-json\/wp\/v2\/types\/post"}],"author":[{"embeddable":true,"href":"https:\/\/robertopla.net\/blog\/wp-json\/wp\/v2\/users\/1"}],"replies":[{"embeddable":true,"href":"https:\/\/robertopla.net\/blog\/wp-json\/wp\/v2\/comments?post=1643"}],"version-history":[{"count":2,"href":"https:\/\/robertopla.net\/blog\/wp-json\/wp\/v2\/posts\/1643\/revisions"}],"predecessor-version":[{"id":5112,"href":"https:\/\/robertopla.net\/blog\/wp-json\/wp\/v2\/posts\/1643\/revisions\/5112"}],"wp:attachment":[{"href":"https:\/\/robertopla.net\/blog\/wp-json\/wp\/v2\/media?parent=1643"}],"wp:term":[{"taxonomy":"category","embeddable":true,"href":"https:\/\/robertopla.net\/blog\/wp-json\/wp\/v2\/categories?post=1643"},{"taxonomy":"post_tag","embeddable":true,"href":"https:\/\/robertopla.net\/blog\/wp-json\/wp\/v2\/tags?post=1643"}],"curies":[{"name":"wp","href":"https:\/\/api.w.org\/{rel}","templated":true}]}}