{"id":1674,"date":"2011-04-11T01:43:07","date_gmt":"2011-04-10T23:43:07","guid":{"rendered":"http:\/\/robertopla.net\/blog\/?p=1674"},"modified":"2011-04-11T01:43:07","modified_gmt":"2011-04-10T23:43:07","slug":"ser-iceberg","status":"publish","type":"post","link":"https:\/\/robertopla.net\/blog\/ser-iceberg.htm","title":{"rendered":"Ser Iceberg"},"content":{"rendered":"<p><a href=\"http:\/\/robertopla.net\/blog\/img\/ser_iceberg.jpg\"><img decoding=\"async\" src=\"http:\/\/robertopla.net\/blog\/img\/ser_iceberg-214x300.jpg\" alt=\"Ser Iceberg\" title=\"ser_iceberg\" style=\"border: medium none ; margin: 0px 8px 8px 0px; width: 214px; height:300px; float: left;\"  \/><\/a>La semana pasada acud\u00ed a la presentaci\u00f3n de un trabajo realizado en colaboraci\u00f3n entre dos amigos, el periodista y director del <a href=\"http:\/\/www.mte.cat\/\">Museu de la T\u00e9cnica de l&#8217;Empord\u00e0<\/a> Juan Jes\u00fas Aznar y el pintor y artista <a href=\"http:\/\/www.espailleixa.com\/\">Daniel Lleix\u00e0<\/a>.<br \/>\nTodo empez\u00f3 hace un tiempo cuando Daniel ley\u00f3 un poemario de Juan Jes\u00fas. Seg\u00fan el mismo Daniel nos cont\u00f3 en la presentaci\u00f3n, recog\u00eda una serie de conceptos que encajaban con algunas de sus meditaciones y durante bastante tiempo estuvo d\u00e1ndole vueltas a como expresarlos a trav\u00e9s de las artes pl\u00e1sticas.<br \/>\nFinalmente le present\u00f3 unos bocetos en unos papelitos a Juan Jes\u00fas y se pusieron de acuerdo para crear esta obra. B\u00e1sicamente, Juan Jes\u00fas le dijo que hiciera lo que le pareciera, emocionado de que su inspiracion fuera al propio tiempo inspiradora y confiado en el quehacer de un artista como Daniel Lleix\u00e0.<br \/>\nNosotros acud\u00edamos pensando que se trataba de la presentaci\u00f3n de un libro, para encontrarnos que el objeto central era una caja. De esta &#8216;caja&#8217; se han hecho nada m\u00e1s diez ejemplares y contiene los poemas de Juan Jes\u00fas y los grabados y dibujos que ha inspirado.<br \/>\nEn la exposici\u00f3n aparec\u00edan colgados y enmarcados en la pared solo para facilitar al p\u00fablico su observaci\u00f3n y en las vitrinas centrales se pod\u00edan contemplar algunos objetos relacionados con el proceso de creaci\u00f3n: las planchas de los grabados, los papelitos que recogieron la idea primigenia, la caja que abraza toda la obra en su estado natural.<br \/>\nHabl\u00f3 Juan Jes\u00fas y habl\u00f3 Daniel. Cuando cre\u00edamos que todo estaba dicho habl\u00f3 el se\u00f1or Vall\u00e9s y nos volvi\u00f3 a dejar asombrados. Para un simple tecleador de palabras como yo es muy dif\u00edcil repetir conceptos tan profundos y et\u00e9reos, pre\u00f1ados de poes\u00eda y sensibilidad como se oyeron aquella tarde en la biblioteca. En todo tiene bastante que ver con el titulo: Lo que se ve es solo una peque\u00f1a parte.<br \/>\nMientras la exposici\u00f3n est\u00e9 all\u00ed recomiendo su visita, luego creo que viajar\u00e1 por varias poblaciones y ser\u00e1 m\u00e1s dif\u00edcil perseguirla, sobre todo desde Figueres.<\/p>\n","protected":false},"excerpt":{"rendered":"<p>La semana pasada acud\u00ed a la presentaci\u00f3n de un trabajo realizado en colaboraci\u00f3n entre dos amigos, el periodista y director del Museu de la T\u00e9cnica de l&#8217;Empord\u00e0 Juan Jes\u00fas Aznar y el pintor y artista Daniel Lleix\u00e0.<br \/>\n <a href=\"https:\/\/robertopla.net\/blog\/ser-iceberg.htm\">Sigue leyendo <span class=\"meta-nav\">&rarr;<\/span><\/a><\/p>\n","protected":false},"author":1,"featured_media":0,"comment_status":"open","ping_status":"open","sticky":false,"template":"","format":"standard","meta":{"footnotes":""},"categories":[7],"tags":[24,34,130,423],"class_list":["post-1674","post","type-post","status-publish","format-standard","hentry","category-libros","tag-amigos","tag-arte","tag-figueres","tag-libros"],"_links":{"self":[{"href":"https:\/\/robertopla.net\/blog\/wp-json\/wp\/v2\/posts\/1674","targetHints":{"allow":["GET"]}}],"collection":[{"href":"https:\/\/robertopla.net\/blog\/wp-json\/wp\/v2\/posts"}],"about":[{"href":"https:\/\/robertopla.net\/blog\/wp-json\/wp\/v2\/types\/post"}],"author":[{"embeddable":true,"href":"https:\/\/robertopla.net\/blog\/wp-json\/wp\/v2\/users\/1"}],"replies":[{"embeddable":true,"href":"https:\/\/robertopla.net\/blog\/wp-json\/wp\/v2\/comments?post=1674"}],"version-history":[{"count":0,"href":"https:\/\/robertopla.net\/blog\/wp-json\/wp\/v2\/posts\/1674\/revisions"}],"wp:attachment":[{"href":"https:\/\/robertopla.net\/blog\/wp-json\/wp\/v2\/media?parent=1674"}],"wp:term":[{"taxonomy":"category","embeddable":true,"href":"https:\/\/robertopla.net\/blog\/wp-json\/wp\/v2\/categories?post=1674"},{"taxonomy":"post_tag","embeddable":true,"href":"https:\/\/robertopla.net\/blog\/wp-json\/wp\/v2\/tags?post=1674"}],"curies":[{"name":"wp","href":"https:\/\/api.w.org\/{rel}","templated":true}]}}