{"id":1685,"date":"2011-05-18T11:50:43","date_gmt":"2011-05-18T09:50:43","guid":{"rendered":"http:\/\/robertopla.net\/blog\/?p=1685"},"modified":"2011-05-18T11:50:43","modified_gmt":"2011-05-18T09:50:43","slug":"como-deciamos-ayer","status":"publish","type":"post","link":"https:\/\/robertopla.net\/blog\/como-deciamos-ayer.htm","title":{"rendered":"Como dec\u00edamos ayer"},"content":{"rendered":"<p>Llevo desde mediados de abril sin escribir. Un periodo de carencia bastante largo que para los escasos -pero muy apreciados y fieles- lectores de este blog requiere una explicaci\u00f3n.<br \/>\nSupongo que los blogs como todas las cosas tienen su inicio, su apogeo y su final. He visto desaparecer algunos blogs y comprendo perfectamente a sus autores, aunque siempre me causa una cierta sensaci\u00f3n de pena, salvo cuando se cierra un blog para abrir otro, porque entonces la idea de renovaci\u00f3n que rebosa, desprende un halo de vitalidad. La vida es cambio.<br \/>\nYo no tengo intenci\u00f3n de dejar que <strong>\u201cLo Marraco\u201d<\/strong> desaparezca pero -a los hechos me remito- necesitaba un descanso. Hab\u00eda pasado del prop\u00f3sito de escribir cada d\u00eda convertido en un art\u00edculo cada dos o tres, al de escribir al menos una vez a la semana y no quisiera acabar como en el catecismo haci\u00e9ndolo \u201cal menos una vez al a\u00f1o por Pascua Florida\u201d.<br \/>\nNo ha sido un periodo de reflexi\u00f3n premeditado ni un silencio autoimpuesto. Ha ido saliendo d\u00eda a d\u00eda una carencia en las necesidades de escribir y un requerimiento de atenci\u00f3n a otros aspectos de mi \u201cvida interior\u201d. Muchas de las meditaciones que han florecido durante estos d\u00edas se reflejar\u00e1n en art\u00edculos venideros y otras quedar\u00e1n como bagaje del autor.<br \/>\nAunque en otros periodos de silencio las fotos de mi cuenta en Flickr han ido reflejando una cr\u00f3nica de mis actividades, este mes las fotos han sido tambi\u00e9n escasas.<br \/>\nHe aprovechado para acabar una tarea que se prolongaba bastante, la lectura del libro de Dan Allen <em>\u201cOrgan\u00edzate con eficacia\u201d<\/em> (ISBN-13:<a href=\"http:\/\/www.mcu.es\/webISBN\/tituloDetalle.do?sidTitul=1188634&#038;action=busquedaInicial&#038;noValidating=true&#038;POS=0&#038;MAX=50&#038;TOTAL=0&#038;prev_layout=busquedaisbn&#038;layout=busquedaisbn&#038;language=es\">9788495787163<\/a> , las siglas de cuyo t\u00edtulo original en ingl\u00e9s <em>\u201cGetting Things Done\u201d<\/em> dan nombre a un sistema de gesti\u00f3n personal que estoy intentando poner en marcha para poner algo de orden y m\u00e1s \u201cproductividad\u201d en mi vida.<br \/>\nAlgunos amigos han comentado sin privarse de la media sonrisa maliciosa que quiz\u00e1s es un poco tarde para adquirir buenos h\u00e1bitos, y otros han sugerido que pod\u00eda haber empezado antes o por el contrario piensan -y dejan que se les note- que eso de los sistemas personales es como las dietas milagro, un enga\u00f1abobos no apto para consumo de gente seria.<br \/>\nYo por el contrario pienso que nunca es tarde si la dicha es buena y que lo triste no es ser mediocre sino resignarse a la mediocridad. Y sobre los \u201csistemas\u201d, sea cual sea su finalidad, esta claro que no hay nada perfecto y lo peligroso es creer lo contrario y entregar tu alma a una sola idea en vez de ir  enriqueci\u00e9ndola con las ideas que encuentras, despu\u00e9s de filtrarlas, analizarlas, y adaptarlas a tus circunstancias.<br \/>\nPersonalmente tengo muy claro que ning\u00fan sistema de gesti\u00f3n del tiempo es remedio para el que o se olvida de apuntar un evento o cuando lo apunta, se olvida de consultar la agenda. El despiste es algo que me acompa\u00f1a demasiado tiempo como para pensar que se vaya a esfumar con unas pastillas o cualquier otro remedio milagroso, pero sean cuales sean nuestros defectos, podemos abandonarnos a ellos o luchar por mejorar y superarlos. Es m\u00e1s entretenido luchar que revolcarse en la autocompasi\u00f3n. Y yo elijo divertirme e intentarlo. Creo que eso es, simplemente, vivir.<br \/>\n<a href=\"http:\/\/www.flickr.com\/photos\/fotero\/299727484\/\" title=\"gbto0032 por Fotero, en Flickr\"><img loading=\"lazy\" decoding=\"async\" src=\"http:\/\/farm1.static.flickr.com\/119\/299727484_8be00aa40c.jpg\" width=\"500\" height=\"498\" alt=\"gbto0032\"><\/a><\/p>\n","protected":false},"excerpt":{"rendered":"<p>Llevo desde mediados de abril sin escribir. Un periodo de carencia bastante largo que para los escasos pero fieles lectores de este blog requiere una explicaci\u00f3n.  <a href=\"https:\/\/robertopla.net\/blog\/como-deciamos-ayer.htm\">Sigue leyendo <span class=\"meta-nav\">&rarr;<\/span><\/a><\/p>\n","protected":false},"author":1,"featured_media":0,"comment_status":"open","ping_status":"open","sticky":false,"template":"","format":"standard","meta":{"footnotes":""},"categories":[8],"tags":[49,160,242,261,275],"class_list":["post-1685","post","type-post","status-publish","format-standard","hentry","category-omblogo","tag-blog","tag-gtd","tag-motivacion","tag-organizacion","tag-personal"],"_links":{"self":[{"href":"https:\/\/robertopla.net\/blog\/wp-json\/wp\/v2\/posts\/1685","targetHints":{"allow":["GET"]}}],"collection":[{"href":"https:\/\/robertopla.net\/blog\/wp-json\/wp\/v2\/posts"}],"about":[{"href":"https:\/\/robertopla.net\/blog\/wp-json\/wp\/v2\/types\/post"}],"author":[{"embeddable":true,"href":"https:\/\/robertopla.net\/blog\/wp-json\/wp\/v2\/users\/1"}],"replies":[{"embeddable":true,"href":"https:\/\/robertopla.net\/blog\/wp-json\/wp\/v2\/comments?post=1685"}],"version-history":[{"count":0,"href":"https:\/\/robertopla.net\/blog\/wp-json\/wp\/v2\/posts\/1685\/revisions"}],"wp:attachment":[{"href":"https:\/\/robertopla.net\/blog\/wp-json\/wp\/v2\/media?parent=1685"}],"wp:term":[{"taxonomy":"category","embeddable":true,"href":"https:\/\/robertopla.net\/blog\/wp-json\/wp\/v2\/categories?post=1685"},{"taxonomy":"post_tag","embeddable":true,"href":"https:\/\/robertopla.net\/blog\/wp-json\/wp\/v2\/tags?post=1685"}],"curies":[{"name":"wp","href":"https:\/\/api.w.org\/{rel}","templated":true}]}}