{"id":1748,"date":"2011-05-29T23:23:15","date_gmt":"2011-05-29T21:23:15","guid":{"rendered":"http:\/\/robertopla.net\/blog\/?p=1748"},"modified":"2023-10-17T20:42:06","modified_gmt":"2023-10-17T18:42:06","slug":"espanistan-el-video","status":"publish","type":"post","link":"https:\/\/robertopla.net\/blog\/espanistan-el-video.htm","title":{"rendered":"Espa\u00f1ist\u00e1n, el v\u00eddeo"},"content":{"rendered":"<p>Creo que lo encontr\u00e9 por <a href=\"http:\/\/twitter.com\/#!\/search\/Aleix%20Salo\">twitter<\/a>. Da igual, a mi no me hace falta mucho est\u00edmulo para ir a ver algo relacionado con el dibujo, el c\u00f3mic o el humor gr\u00e1fico. Es un tema que me gusta y que practico desde que tengo memoria y como se aprende es viendo lo que hacen los dem\u00e1s. Mi primer maestro de dibujo fue el genial <a href=\"http:\/\/www.mortadeloyfilemon.com\/ibanez\/index.asp\">Iba\u00f1ez<\/a>, hace muchos a\u00f1os de eso.<br \/>\nEl caso es que promet\u00edan un v\u00eddeo con una explicaci\u00f3n clara de la crisis y que le vamos a hacer, tambi\u00e9n es un tema bastante actual, aunque me apasiona algo menos que el humor y los comics. El subtitulo era tambi\u00e9n tan provocador como reflejo de un sentimiento popular creciente: \u00abEste pais se va a la mierda\u00bb. Hice \u00abclick\u00bb para ver el video y lo que me encontr\u00e9 es esto: Espa\u00f1ist\u00e1n, de la Burbuja Inmobiliaria a la Crisis.<\/p>\n<p><iframe loading=\"lazy\" title=\"YouTube video player\" src=\"https:\/\/www.youtube.com\/embed\/N7P2ExRF3GQ?si=FtcrwfHICQcR45kr\" width=\"560\" height=\"315\" frameborder=\"0\" allowfullscreen=\"allowfullscreen\"><\/iframe><\/p>\n<p>El v\u00eddeo me pareci\u00f3 genial, mucho m\u00e1s que bueno. Los dibujos son sencillos y sint\u00e9ticos, pero muy expresivos. La visi\u00f3n de la crisis no solo es clarividente sino que adem\u00e1s est\u00e1 explicada de una forma sencilla y did\u00e1ctica. Hacer lo complejo sencillo es una gran cualidad y demuestra una gran inteligencia y si esta va acompa\u00f1ada de sentido del humor, me produce un sentimiento de simpat\u00eda inmediato.<br \/>\nMe sorprendi\u00f3 ver alguna cr\u00edtica tan absurda como la que llamaba a Aleix <em>\u00abproducto de las Ikastolas catalanas\u00bb<\/em> (sic), como si eso tuviera alg\u00fan sentido, salvo para definir bastante bien al opinante. Las criticas negativas eran todas viscerales, sin relaci\u00f3n con el contenido de la obra y estoy seguro que incluso la beneficiar\u00e1n. Mi impresi\u00f3n inmediata es \u00absi a estos descerebrados no les gusta, debe ser interesante\u00bb.<br \/>\nBueno, el libro lo <a href=\"http:\/\/www.edicionesglenat.es\/fitxa.aspx?pid=822\">edita Glenat<\/a> y no se si esperar a que pase el d\u00eda de mi santo para ver si alguien se acuerda de este post o salir corriendo ma\u00f1ana mismo a buscarlo&#8230;Tambi\u00e9n me queda la opci\u00f3n de buscar su otro libro, este en catal\u00e1n, <a href=\"http:\/\/www.edicionesglenat.es\/fitxa.aspx?pid=822\">\u00abFills del 80\u00bb<\/a> el que seg\u00fan las rese\u00f1as \u00abel autor retrata en clave de humor la generaci\u00f3n de la que forma parte\u00bb.<\/p>\n","protected":false},"excerpt":{"rendered":"<p>El caso es que promet\u00edan un v\u00eddeo con una explicaci\u00f3n clara de la crisis y que le vamos a hacer, tambi\u00e9n es un tema  bastante actual, aunque me apasiona algo menos que el humor y los comics. <a href=\"https:\/\/robertopla.net\/blog\/espanistan-el-video.htm\">Sigue leyendo <span class=\"meta-nav\">&rarr;<\/span><\/a><\/p>\n","protected":false},"author":1,"featured_media":0,"comment_status":"open","ping_status":"open","sticky":false,"template":"","format":"standard","meta":{"footnotes":""},"categories":[7],"tags":[],"class_list":["post-1748","post","type-post","status-publish","format-standard","hentry","category-libros"],"_links":{"self":[{"href":"https:\/\/robertopla.net\/blog\/wp-json\/wp\/v2\/posts\/1748","targetHints":{"allow":["GET"]}}],"collection":[{"href":"https:\/\/robertopla.net\/blog\/wp-json\/wp\/v2\/posts"}],"about":[{"href":"https:\/\/robertopla.net\/blog\/wp-json\/wp\/v2\/types\/post"}],"author":[{"embeddable":true,"href":"https:\/\/robertopla.net\/blog\/wp-json\/wp\/v2\/users\/1"}],"replies":[{"embeddable":true,"href":"https:\/\/robertopla.net\/blog\/wp-json\/wp\/v2\/comments?post=1748"}],"version-history":[{"count":2,"href":"https:\/\/robertopla.net\/blog\/wp-json\/wp\/v2\/posts\/1748\/revisions"}],"predecessor-version":[{"id":5084,"href":"https:\/\/robertopla.net\/blog\/wp-json\/wp\/v2\/posts\/1748\/revisions\/5084"}],"wp:attachment":[{"href":"https:\/\/robertopla.net\/blog\/wp-json\/wp\/v2\/media?parent=1748"}],"wp:term":[{"taxonomy":"category","embeddable":true,"href":"https:\/\/robertopla.net\/blog\/wp-json\/wp\/v2\/categories?post=1748"},{"taxonomy":"post_tag","embeddable":true,"href":"https:\/\/robertopla.net\/blog\/wp-json\/wp\/v2\/tags?post=1748"}],"curies":[{"name":"wp","href":"https:\/\/api.w.org\/{rel}","templated":true}]}}