{"id":1824,"date":"2011-07-04T01:58:56","date_gmt":"2011-07-03T23:58:56","guid":{"rendered":"http:\/\/robertopla.net\/blog\/?p=1824"},"modified":"2011-07-04T01:58:56","modified_gmt":"2011-07-03T23:58:56","slug":"gopro-hero-hd","status":"publish","type":"post","link":"https:\/\/robertopla.net\/blog\/gopro-hero-hd.htm","title":{"rendered":"GoPro Hero HD"},"content":{"rendered":"<p>Creo que la fotograf\u00eda es una gran ocasi\u00f3n para dejar expresarse a nuestra creatividad. A veces solo consiste en obtener una imagen que refleja la realidad desde un punto de vista personal u original, otras se trata de llenar el encuadre de belleza y armon\u00eda, pero otras veces simplemente la forma de tomar la foto o la preparaci\u00f3n necesaria para hacerla, es la parte m\u00e1s importante del acto fotogr\u00e1fico.<br \/>\nPr\u00e1cticamente siempre llevo llevo encima mi <a href=\"http:\/\/robertopla.net\/blog\/como-elegimos-la-panasonic-lumix-tz7.htm\">Panasonic Lumix TZ7<\/a>, con la que ya he hecho, si las cuentas no me fallan, m\u00e1s de 12.000 fotograf\u00edas. La <a href=\"http:\/\/robertopla.net\/blog\/sesion-de-fotos-en-los-aiguamolls.htm\">Canon 450D<\/a> la tengo infrautilizada ya que suelo llevarla a exhibiciones a\u00e9reas y excursiones de fotograf\u00eda de la naturaleza, pero su volumen y peso la hacen inc\u00f3moda para viajar con ella, especialmente cuando el peso del equipaje es un problema.<br \/>\nA pesar de que uno de mis prop\u00f3sitos veraniegos era perfeccionar mi manejo de la Canon, no he podido resistirme a comprar una c\u00e1mara con la que llevaba so\u00f1ando alg\u00fan tiempo, la <a href=\"http:\/\/gopro.com\/\">Gopro Hero HD<\/a>. <\/p>\n<p style=\"text-align:center;\"><a href=\"http:\/\/www.flickr.com\/photos\/fotero\/5895647072\/\" ><img decoding=\"async\" src=\"http:\/\/farm6.static.flickr.com\/5115\/5895647072_b2aa2b33b2_m.jpg\" style=\"border:none;width:220px;height:165px\" title=\"Manejable\" alt=\"Manejable\"><\/a>&nbsp;<a href=\"http:\/\/www.flickr.com\/photos\/fotero\/5882884774\/\" ><img decoding=\"async\" src=\"http:\/\/farm6.static.flickr.com\/5023\/5882884774_418fb52084_m.jpg\" style=\"border:none;width:220px;height:165px\" alt=\"Tama\u00f1o\" title=\"Tama\u00f1o\" ><\/a><\/p>\n<p>Se trata de una c\u00e1mara de acci\u00f3n cuyos complementos tienen como objeto principal que puedas colocar la c\u00e1mara sobre un casco, veh\u00edculo, tabla de surf, o cualquier otro lugar peligroso sin que reciba da\u00f1o.<br \/>\nSu carcasa resiste inmersiones de hasta 60 mt. bajo el agua -os aseguro que es poco probable que yo vaya a comprobarlo- y como c\u00e1mara de v\u00eddeo registra en varios tama\u00f1os incluido el llamado &#8216;full HD&#8217; o 1920&#215;1080 puntos. Estas dos caracter\u00edsticas, unidas a su precio , la hacen enormemente atractiva, ya que por lo que me ha costado todo el equipo que he comprado, no habr\u00eda podido comprar una carcasa para hacer sumergible una compacta de consumo. <\/p>\n<p style=\"text-align:center;\"><a href=\"http:\/\/www.flickr.com\/photos\/fotero\/5882884768\/\"><img decoding=\"async\" src=\"http:\/\/farm6.static.flickr.com\/5160\/5882884768_10f190e65b.jpg\" style=\"border:none;width:450px;height:338px\" alt=\"Gopro Hero HD\" title=\"Gopro Hero HD\"><\/a><\/p>\n<p>Como c\u00e1mara de fotos tiene una \u00f3ptica fija con una apertura de 170\u00ba que la convierten pr\u00e1cticamente en un ojo de pez y que deforma bastante las im\u00e1genes, que son de 5 megapixels. Lo m\u00e1s llamativo es su funci\u00f3n de disparo a intervalos de 1, 2, 5, 10,30 y 60 segundos. Ello permite crear series de fotograf\u00edas para <a href=\"http:\/\/robertopla.net\/blog\/el-rapado.htm\">timelapses<\/a>.<br \/>\nNo hay control sobre el enfoque o la exposici\u00f3n, los par\u00e1metros configurables se re\u00fanen en un men\u00fa bastante tosco y dentro de la carcasa de protecci\u00f3n el sonido registrado es muy malo. Sin embargo ha tenido un enorme \u00e9xito de ventas como c\u00e1mara de acci\u00f3n. Tal y como se encarg\u00f3 de recordarme Mercedes cuando dije que iba a comprarla, yo no voy a saltar en paraca\u00eddas con ella ni a hacer surf, esquiar, o hacer puenting, barranquismo o mountain bike, pero tengo ya una larga lista de experimentos fotogr\u00e1ficos y de artilugios para hacerlos posibles que espero me mantendr\u00e1n entretenido gran parte del verano y de los que dar\u00e9 cumplida cuenta en este blog. El primero de ellos ya di\u00f3 lugar el otro d\u00eda al comentario sobre la <a href=\"http:\/\/robertopla.net\/blog\/el-ruisenor.htm\">foto del Ruise\u00f1or en mi jardin<\/a>. Espero que pronto vendr\u00e1n m\u00e1s.<br \/>\nEl torrente de ideas que ha acompa\u00f1ado a la Gopro ha sido tal que he llegado a pensar en hacer un blog solo con ese tema, pero por suerte encontr\u00e9 que alguien <a href=\"http:\/\/goprohackses.blogspot.com\/\">se hab\u00eda tomado ya el trabajo<\/a> de hacerlo.<br \/>\nSobre la compra en si, dir\u00e9 que aunque en Espa\u00f1a hay <a href=\"http:\/\/www.xtremcamera.com\/\">distribuidor<\/a>, yo la compr\u00e9 en USA a trav\u00e9s de un amigo, con un importante ahorro que me permiti\u00f3 comprar bastantes complementos.<br \/>\nLa camara sola en un kit que llaman &#8216;naked&#8217; costaba 259,99 USD ->179,50 \u20ac. Hab\u00eda dos kits b\u00e1sicos, para coche (Con ventosa) y para casco. El precio de ambos era el mismo $299,99->207,12 \u20ac y supone un ahorro de $30 sobre la compra de lo que lleva incluido por separado.<br \/>\nValor\u00e9 cuanto me costar\u00eda comprar un kit y lo que llevaba el otro que no llevase el que ya hab\u00eda comprado, para ver cual era la opci\u00f3n m\u00e1s barata. Result\u00f3 ser comprando el kit &#8216;Motor&#8217; y a los otros aditamentos sueltos le a\u00f1ad\u00ed el adaptador para tr\u00edpode (con rosca universal) que no ven\u00eda en ninguno. Luego, comparando vi que el kit &#8216;Motor&#8217; estaba m\u00e1s barato en Amazon, asi que lo compr\u00e9 all\u00ed y el resto en la casa Gopro. Toda la compra que puede verse en la fotograf\u00eda han sido unos 240 \u20ac con gastos de env\u00edo (dentro de USA).<\/p>\n","protected":false},"excerpt":{"rendered":"<p>A pesar de que uno de mis prop\u00f3sitos veraniegos era perfeccionar mi manejo de la Canon, no he podido resistirme a comprar una c\u00e1mara con la que llevaba so\u00f1ando alg\u00fan tiempo, la Gopro Hero HD.  <a href=\"https:\/\/robertopla.net\/blog\/gopro-hero-hd.htm\">Sigue leyendo <span class=\"meta-nav\">&rarr;<\/span><\/a><\/p>\n","protected":false},"author":1,"featured_media":0,"comment_status":"open","ping_status":"open","sticky":false,"template":"","format":"standard","meta":{"footnotes":""},"categories":[3],"tags":[77,82,138,152,176],"class_list":["post-1824","post","type-post","status-publish","format-standard","hentry","category-fotografia-2","tag-compras","tag-consumo","tag-fotografia","tag-gopro","tag-imagen"],"_links":{"self":[{"href":"https:\/\/robertopla.net\/blog\/wp-json\/wp\/v2\/posts\/1824","targetHints":{"allow":["GET"]}}],"collection":[{"href":"https:\/\/robertopla.net\/blog\/wp-json\/wp\/v2\/posts"}],"about":[{"href":"https:\/\/robertopla.net\/blog\/wp-json\/wp\/v2\/types\/post"}],"author":[{"embeddable":true,"href":"https:\/\/robertopla.net\/blog\/wp-json\/wp\/v2\/users\/1"}],"replies":[{"embeddable":true,"href":"https:\/\/robertopla.net\/blog\/wp-json\/wp\/v2\/comments?post=1824"}],"version-history":[{"count":0,"href":"https:\/\/robertopla.net\/blog\/wp-json\/wp\/v2\/posts\/1824\/revisions"}],"wp:attachment":[{"href":"https:\/\/robertopla.net\/blog\/wp-json\/wp\/v2\/media?parent=1824"}],"wp:term":[{"taxonomy":"category","embeddable":true,"href":"https:\/\/robertopla.net\/blog\/wp-json\/wp\/v2\/categories?post=1824"},{"taxonomy":"post_tag","embeddable":true,"href":"https:\/\/robertopla.net\/blog\/wp-json\/wp\/v2\/tags?post=1824"}],"curies":[{"name":"wp","href":"https:\/\/api.w.org\/{rel}","templated":true}]}}