{"id":1833,"date":"2011-07-06T01:22:17","date_gmt":"2011-07-05T23:22:17","guid":{"rendered":"http:\/\/robertopla.net\/blog\/?p=1833"},"modified":"2011-07-06T01:22:17","modified_gmt":"2011-07-05T23:22:17","slug":"a-martillazos-con-la-historia","status":"publish","type":"post","link":"https:\/\/robertopla.net\/blog\/a-martillazos-con-la-historia.htm","title":{"rendered":"A martillazos con la historia"},"content":{"rendered":"<p>El pasado s\u00e1bado estuve paseando por los escenarios de la guerra a\u00e9rea durante la guerra civil espa\u00f1ola en el Ampurd\u00e1n. Se trataba de charlar de un interesante proyecto con Lluis Astier mientras visitabamos los campos de Figueres Nord y Vilaju\u00efga.<br \/>\nAl llegar a la l\u00e1pida o &#8216;stele&#8217; que recuerda la muerte de Friedrich Windemuth, me llev\u00e9 un disgusto al comprobar que alg\u00fan v\u00e1ndalo la hab\u00eda manchado y causado desperfectos con un martillo o algo as\u00ed.  <\/p>\n<p style=\"text-align:center;\"><a href=\"http:\/\/www.flickr.com\/photos\/fotero\/5899469662\/\"><img decoding=\"async\" src=\"http:\/\/farm6.static.flickr.com\/5032\/5899469662_249a59b5c7.jpg\" style=\"border:none;width:450px;height:338px\"  alt=\"Vandalismo\"  title=\"Vandalismo\"><\/a><\/p>\n<p>No encuentro palabras para expresar el desprecio que la gamberrrada me produce. Me parece imposible que pueda compartir el sol con gentuza sin cultura, sin respeto, sin asomo de moral ni inteligencia.<br \/>\nPor el s\u00edmbolo representado en el acto vand\u00e1lico no cabe la menor duda de a que reba\u00f1o creen seguir los borregos. Por mucho que pueda discrepar de las ideas de alguien, me cuesta creer que pueda alentar semejantes comportamientos y creo que cualquier partido deber\u00eda desautorizar y desmarcarse de esta gentuza cobarde y vil que usan la violencia contra objetos inanimados con un \u00edmpetu que son impotentes de mostrar positivamente en la vida real para crear riqueza, generar bienestar o procurar el bien com\u00fan.<br \/>\nNo s\u00e9 como voy a cont\u00e1rselo a Jos\u00e9 Falc\u00f3. As de la caza republicana, este anciano es de una vitalidad inagotable y una nobleza propia de los caballeros del aire y ha sido el principal cuidador de la l\u00e1pida del piloto al que derrib\u00f3 el d\u00eda 06\/02\/2011, en el \u00faltimo combate a\u00e9reo sobre el cielo de Catalu\u00f1a.  Aunque \u00faltimamente ha tenido que espaciar sus visitas, siempre que viene por aqu\u00ed limpia las inmediaciones de la l\u00e1pida y coloca unas flores en un acto de homenaje y respeto al enemigo de ayer y de interna meditaci\u00f3n sobre los graves sacrificios que nos impone el deber.<br \/>\nLos v\u00e1ndalos desconocen la nobleza de los aut\u00e9nticos caballeros que con lealtad y valor defendieron la legalidad y la libertad en los cielos de Espa\u00f1a. Los v\u00e1ndalos solo practican la violencia, enemiga de la libertad, la legalidad y la democracia como aut\u00e9nticos neofascistas, lacra de la sociedad, basura inmerecida por un pueblo que presume de su sentido com\u00fan, laboriosidad y respeto.<\/p>\n","protected":false},"excerpt":{"rendered":"<p>Al llegar a la l\u00e1pida o &#8216;stele&#8217; que recuerda la muerte de Friedrich Windemuth, me llev\u00e9 un disgusto al comprobar que alg\u00fan v\u00e1ndalo la hab\u00eda manchado y causado desperfectos con un martillo o algo as\u00ed.   <a href=\"https:\/\/robertopla.net\/blog\/a-martillazos-con-la-historia.htm\">Sigue leyendo <span class=\"meta-nav\">&rarr;<\/span><\/a><\/p>\n","protected":false},"author":1,"featured_media":0,"comment_status":"open","ping_status":"open","sticky":false,"template":"","format":"standard","meta":{"footnotes":""},"categories":[5],"tags":[43,144,161,166,318],"class_list":["post-1833","post","type-post","status-publish","format-standard","hentry","category-fugaces","tag-aviacion","tag-gce","tag-guerra","tag-historia","tag-sociedad"],"_links":{"self":[{"href":"https:\/\/robertopla.net\/blog\/wp-json\/wp\/v2\/posts\/1833","targetHints":{"allow":["GET"]}}],"collection":[{"href":"https:\/\/robertopla.net\/blog\/wp-json\/wp\/v2\/posts"}],"about":[{"href":"https:\/\/robertopla.net\/blog\/wp-json\/wp\/v2\/types\/post"}],"author":[{"embeddable":true,"href":"https:\/\/robertopla.net\/blog\/wp-json\/wp\/v2\/users\/1"}],"replies":[{"embeddable":true,"href":"https:\/\/robertopla.net\/blog\/wp-json\/wp\/v2\/comments?post=1833"}],"version-history":[{"count":0,"href":"https:\/\/robertopla.net\/blog\/wp-json\/wp\/v2\/posts\/1833\/revisions"}],"wp:attachment":[{"href":"https:\/\/robertopla.net\/blog\/wp-json\/wp\/v2\/media?parent=1833"}],"wp:term":[{"taxonomy":"category","embeddable":true,"href":"https:\/\/robertopla.net\/blog\/wp-json\/wp\/v2\/categories?post=1833"},{"taxonomy":"post_tag","embeddable":true,"href":"https:\/\/robertopla.net\/blog\/wp-json\/wp\/v2\/tags?post=1833"}],"curies":[{"name":"wp","href":"https:\/\/api.w.org\/{rel}","templated":true}]}}