{"id":1845,"date":"2011-08-06T23:50:17","date_gmt":"2011-08-06T21:50:17","guid":{"rendered":"http:\/\/robertopla.net\/blog\/?p=1845"},"modified":"2024-08-11T20:26:41","modified_gmt":"2024-08-11T18:26:41","slug":"mis-fotos-mas-interesantes-en-flickr","status":"publish","type":"post","link":"https:\/\/robertopla.net\/blog\/mis-fotos-mas-interesantes-en-flickr.htm","title":{"rendered":"Mis fotos m\u00e1s interesantes en Flickr"},"content":{"rendered":"<p>Flickr tiene una opci\u00f3n situada en el men\u00fa de la p\u00e1gina principal, a continuaci\u00f3n del nombre y el avatar del usuario que muestra tus fotos m\u00e1s interesantes. A esta p\u00e1gina solo puede acceder el usuario de la cuenta. Una l\u00e1stima porque resulta curioso ver la clasificaci\u00f3n que hace de las fotos.<br \/>\nPor defecto muestra una clasificaci\u00f3n de las fotos m\u00e1s \u00abinteresantes\u00bb. Ya he visto en los foros de ayuda alguna pregunta sobre cual es el criterio por el que Flickr considera \u00abinteresante\u00bb una foto. La respuesta \u00abm\u00e1s interesante\u00bb que he encontrado est\u00e1 en <a href=\"http:\/\/www.xatakafoto.com\/trucos-y-consejos\/analizando-el-algoritmo-de-flickr-para-las-fotografias-interesantes\">un articulo de Xakatafoto<\/a>.<br \/>\nEsta claro que en la clasificaci\u00f3n influye no tanto el numero de visitas como el r\u00e1pido crecimiento de visitas, y n\u00famero de comentarios o de personas que consideran la foto favorita o no influyen o lo hacen de una forma bastante extra\u00f1a. Esto se relaciona con el hecho de que tu foto haya aparecido en el <a href=\"http:\/\/www.flickr.com\/explore\/\">\u00abExplore\u00bb<\/a>, una selecci\u00f3n de las 500 fotos que diariamente Flickr considera m\u00e1s interesantes, que tiene varias opciones ya que parece tener por objeto m\u00e1s el entretenimiento y la distracci\u00f3n del visitante que establecer una clasificaci\u00f3n por m\u00e9ritos con unas estad\u00edsticas p\u00fablicas.<br \/>\nSolo una de mis fotos ha aparecido en esta selecci\u00f3n. Se trata de la <a href=\"http:\/\/www.flickr.com\/photos\/fotero\/157359803\/\">&#8216;Pantalla transparente&#8217;<\/a>.<br \/>\nLa experiencia me dice que de mis fotos, las que m\u00e1s me gustan a mi no son necesariamente las m\u00e1s populares cuando las publico en Flickr y sin embargo, otras im\u00e1genes cuya funci\u00f3n en mi cuenta de Flickr es meramente funcional, han tenido un gran \u00e9xito. Por \u00abmeramente funcional\u00bb me refiero a que son fotos que he publicado, por ejemplo, con la \u00fanica finalidad de usarlas como ilustraci\u00f3n en <a href=\"http:\/\/robertopla.net\/blog\/\">este blog<\/a> y que incluso en algunos casos no son ni fotos ni son m\u00edas.<br \/>\nSin obsesionarme, me gusta ver cuales son mis fotos m\u00e1s populares. En realidad me interesa m\u00e1s intentar deducir que es lo que ha movido a los visitantes a visitar la foto o a considerarla favorita.<br \/>\nEn cuanto al extra\u00f1o criterio de Flickr, las fotos que hoy considera m\u00e1s &#8216;interesantes&#8217; de mi cuenta son estas:<\/p>\n<table style=\"border: solid #c5c5c5; padding: 4px; width: 450px;\">\n<tbody>\n<tr>\n<td style=\"vertical-align: top; text-align: center;\"><a href=\"https:\/\/www.flickr.com\/photos\/fotero\/157359803\/\"><img decoding=\"async\" style=\"border: none; height: 75px; width: 75px;\" src=\"https:\/\/live.staticflickr.com\/77\/157359803_f428c15202_s.jpg\" alt=\"Pantalla transparente\" \/><\/a><\/td>\n<td width=\"100%\">\n<h4>#1: <a href=\"https:\/\/www.flickr.com\/photos\/fotero\/157359803\/\">Pantalla transparente<\/a><\/h4>\n<p>Este es mi primer experimento de pantalla transparente. Vi el efecto en Flickr donde hay <a href=\"http:\/\/www.flickr.com\/groups\/transparentscreens\/\">un grupo dedicado al tema<\/a>. En una tarde de pruebas hice bastantes fotos y esta es la que m\u00e1s me gust\u00f3. Es mi unica foto elegida como &#8216;intereante&#8217; por Flickr y una de las que acumula m\u00e1s visitas<a href=\"https:\/\/www.flickr.com\/photos\/fotero\/157359803\/\">&#8230;<\/a><br \/>\n<small>\u2022\u00a0<b>2746<\/b> vistas\u00a0\/\u00a0<a href=\"\/photos\/fotero\/157359803\/favorites\/\"><b>4<\/b>personas<\/a> cuentan a esta foto como favorita\u00a0\/\u00a0<b>6<\/b> comentarios<\/small><\/td>\n<\/tr>\n<tr>\n<td style=\"vertical-align: top; text-align: center;\"><a title=\"Luna llena\" href=\"\/photos\/fotero\/3103830064\/\"><img decoding=\"async\" style=\"border: none; height: 75px; width: 75px;\" src=\"http:\/\/farm4.static.flickr.com\/3143\/3103830064_25348095cb_s.jpg\" alt=\"Luna llena\" \/><\/a><\/td>\n<td width=\"100%\">\n<h4>#2: <a href=\"https:\/\/www.flickr.com\/photos\/fotero\/3103830064\/\">Luna llena<\/a><\/h4>\n<p>Esta foto de la luna del d\u00eda 13 de diciembre de 2008 es una de mis fotos de m\u00e1s \u00e9xito, a pesar de que he visto otras del mismo tema que me parecen mejores. Tiene un mont\u00f3n de notas donde inclu\u00ed los nombres de los accidentes en la superficie lunar obtenidos en la<a href=\"\/photos\/fotero\/3103830064\/\">&#8230;<\/a><br \/>\n<small>\u2022\u00a0 <b>11570<\/b> vistas \u00a0\/\u00a0 <a href=\"\/photos\/fotero\/3103830064\/favorites\/\"><b>5<\/b> personas<\/a> cuentan a esta foto como favorita \u00a0\/\u00a0 <b>11<\/b> comentarios <\/small><\/td>\n<\/tr>\n<tr>\n<td style=\"vertical-align: top; text-align: center;\"><a title=\"Nieve en Pani\" href=\"https:\/\/www.flickr.com\/photos\/fotero\/4422857722\/\"><img decoding=\"async\" style=\"border: none; height: 75px; width: 75px;\" src=\"http:\/\/farm5.static.flickr.com\/4057\/4422857722_2113f644fb_s.jpg\" alt=\"Nieve en Pani\" \/><\/a><\/td>\n<td width=\"100%\">\n<h4>#3: <a href=\"https:\/\/www.flickr.com\/photos\/fotero\/4422857722\/\">Nieve en Pani<\/a><\/h4>\n<p>En esta foto sobre una tormenta de nieve en Pani, la nieve formaba ventisqueros de m\u00e1s de metro y medio de alto, que en algunos lugares casi ocultaban los coches aparcados. No entiendo muy bien la raz\u00f3n de su inter\u00e9s, tiene pocas visitas y solo dos comentarios.<\/p>\n<p><small>\u2022\u00a0 <b>155<\/b> vistas \u00a0\/\u00a0 Nadie cuenta a Nieve en Pani como favorita \u00a0\/\u00a0 <b>2<\/b> comentarios <\/small><\/td>\n<\/tr>\n<tr>\n<td style=\"vertical-align: top; text-align: center;\"><a title=\"pan101018_01\" href=\"https:\/\/www.flickr.com\/photos\/fotero\/5095140998\/\"><img decoding=\"async\" style=\"border: none; height: 75px; width: 75px;\" src=\"http:\/\/farm5.static.flickr.com\/4152\/5095140998_2f2505f904_s.jpg\" alt=\"Pani\" \/><\/a><\/td>\n<td width=\"100%\">\n<h4>#4: <a href=\"https:\/\/www.flickr.com\/photos\/fotero\/5095140998\/\">pan101018_01<\/a><\/h4>\n<p>Iberia me invit\u00f3, junto a otros blogueros a la inauguraci\u00f3n de su hangar de mantenimiento en el Aeropuerto de Barcelona. Las fotos de ese d\u00eda han recibido muchas visitas, y han ocupado los primeros puestos de &#8216;Fotos Interesantes&#8217; en mi lista personal. En este caso es una panor\u00e1mica que muestra todo el edificio desde uno de sus extremos.<\/p>\n<p><small>\u2022\u00a0 <b>666<\/b> vistas \u00a0\/\u00a0 <a href=\"https:\/\/www.flickr.com\/photos\/fotero\/5095140998\/favorites\/\"><b>1<\/b> persona<\/a> cuenta a esta foto como favorita \u00a0\/\u00a0 0 comentarios <\/small><\/td>\n<\/tr>\n<tr>\n<td style=\"vertical-align: top; text-align: center;\"><a title=\"IMG_2589\" href=\"https:\/\/www.flickr.com\/photos\/fotero\/3302785237\/\"><img decoding=\"async\" style=\"border: none; height: 75px; width: 75px;\" src=\"http:\/\/farm4.static.flickr.com\/3607\/3302785237_54b07ab747_s.jpg\" alt=\"IMG_2589\" \/><\/a><\/td>\n<td width=\"100%\">\n<h4>#5: <a href=\"https:\/\/www.flickr.com\/photos\/fotero\/3302785237\/\">IMG_2589<\/a><\/h4>\n<p>Us\u00e9 las viejas tarjetas de cr\u00e9dito caducadas para trocearlas y hacer algunas fotos. Me gusta que esta foto haya tenido \u00e9xito, pues es una idea completamente personal.<\/p>\n<p><small>\u2022\u00a0 <b>329<\/b> vistas \u00a0\/\u00a0 Nadie cuenta a IMG_2589 como favorita \u00a0\/\u00a0 <b>1<\/b> comentario <\/small><\/td>\n<\/tr>\n<tr>\n<td style=\"vertical-align: top; text-align: center;\"><a title=\"Spotters\" href=\"https:\/\/www.flickr.com\/photos\/fotero\/2288320685\/\"><img decoding=\"async\" style=\"border: none; height: 75px; width: 75px;\" src=\"http:\/\/farm4.static.flickr.com\/3046\/2288320685_94b1b8a041_s.jpg\" alt=\"Spotters\" \/><\/a><\/td>\n<td width=\"100%\">\n<h4>#6: <a href=\"https:\/\/www.flickr.com\/photos\/fotero\/2288320685\/\">Spotters<\/a><\/h4>\n<p>Esta imagen era un boceto inicial para una posible camiseta en una concentracion de spotters organizada por la Asociaci\u00f3n <a href=\"http:\/\/www.aire.org\/\">Aire<\/a>. Muchos de los dibujos que he publicado han tenido un buen n\u00famero de visitas.<\/p>\n<p><small>\u2022\u00a0 <b>301<\/b> vistas \u00a0\/\u00a0 <a href=\"https:\/\/www.flickr.com\/photos\/fotero\/2288320685\/favorites\/\"><b>6<\/b> personas<\/a> cuentan a esta foto como favorita \u00a0\/\u00a0 <b>7<\/b> comentarios <\/small><\/td>\n<\/tr>\n<\/tbody>\n<\/table>\n<p>Esta clasificaci\u00f3n va variando, lo cual tampoco tiene l\u00f3gica, ya que una foto puede ser m\u00e1s o menos interesante que otra, y se supone que as\u00ed deber\u00eda ser mientras las fotos no cambien.<br \/>\nLa cuesti\u00f3n de las fotos m\u00e1s visitadas queda pendiente para otro articulo, pues tambi\u00e9n encierra algunas paradojas.<\/p>\n","protected":false},"excerpt":{"rendered":"<p>Flickr tiene una opci\u00f3n situada en el men\u00fa de la p\u00e1gina principal, a continuaci\u00f3n del nombre y el avatar del usuario que muestra tus fotos m\u00e1s interesantes. A esta p\u00e1gina solo puede acceder el usuario de la cuenta. <a href=\"https:\/\/robertopla.net\/blog\/mis-fotos-mas-interesantes-en-flickr.htm\">Sigue leyendo <span class=\"meta-nav\">&rarr;<\/span><\/a><\/p>\n","protected":false},"author":1,"featured_media":0,"comment_status":"open","ping_status":"open","sticky":false,"template":"","format":"standard","meta":{"footnotes":""},"categories":[3],"tags":[135,138,366,367],"class_list":["post-1845","post","type-post","status-publish","format-standard","hentry","category-fotografia-2","tag-flickr","tag-fotografia","tag-web","tag-web2-0"],"_links":{"self":[{"href":"https:\/\/robertopla.net\/blog\/wp-json\/wp\/v2\/posts\/1845","targetHints":{"allow":["GET"]}}],"collection":[{"href":"https:\/\/robertopla.net\/blog\/wp-json\/wp\/v2\/posts"}],"about":[{"href":"https:\/\/robertopla.net\/blog\/wp-json\/wp\/v2\/types\/post"}],"author":[{"embeddable":true,"href":"https:\/\/robertopla.net\/blog\/wp-json\/wp\/v2\/users\/1"}],"replies":[{"embeddable":true,"href":"https:\/\/robertopla.net\/blog\/wp-json\/wp\/v2\/comments?post=1845"}],"version-history":[{"count":4,"href":"https:\/\/robertopla.net\/blog\/wp-json\/wp\/v2\/posts\/1845\/revisions"}],"predecessor-version":[{"id":5362,"href":"https:\/\/robertopla.net\/blog\/wp-json\/wp\/v2\/posts\/1845\/revisions\/5362"}],"wp:attachment":[{"href":"https:\/\/robertopla.net\/blog\/wp-json\/wp\/v2\/media?parent=1845"}],"wp:term":[{"taxonomy":"category","embeddable":true,"href":"https:\/\/robertopla.net\/blog\/wp-json\/wp\/v2\/categories?post=1845"},{"taxonomy":"post_tag","embeddable":true,"href":"https:\/\/robertopla.net\/blog\/wp-json\/wp\/v2\/tags?post=1845"}],"curies":[{"name":"wp","href":"https:\/\/api.w.org\/{rel}","templated":true}]}}