{"id":1874,"date":"2011-08-03T01:10:28","date_gmt":"2011-08-02T23:10:28","guid":{"rendered":"http:\/\/robertopla.net\/blog\/?p=1874"},"modified":"2011-08-03T01:10:28","modified_gmt":"2011-08-02T23:10:28","slug":"el-bombardeo-del-pilar","status":"publish","type":"post","link":"https:\/\/robertopla.net\/blog\/el-bombardeo-del-pilar.htm","title":{"rendered":"El bombardeo del Pilar"},"content":{"rendered":"<p>En la madrugada del tres de agosto de 1936 un avi\u00f3n un <a href=\"http:\/\/usuarios.multimania.es\/mrval\/GC57101.HTM\">Fokker F-VII<\/a>, bombardero de circunstancias del ej\u00e9rcito republicano procedente de Barcelona, lanz\u00f3 tres bombas sobre el <a href=\"http:\/\/es.wikipedia.org\/wiki\/Catedral-Bas%C3%ADlica_de_Nuestra_Se%C3%B1ora_del_Pilar_de_Zaragoza\">templo del Pilar en Zaragoza<\/a> pero ninguna de ellas explot\u00f3. Una de las bombas qued\u00f3 clavada en la calle a pocos metros de la bas\u00edlica dejando una silueta, al levantar varios adoquines que algunos interpretaron como una cruz. <\/p>\n<p style=\"text-align:center;\"><a href=\"http:\/\/www.flickr.com\/photos\/fotero\/5959741116\/\" ><img decoding=\"async\" src=\"http:\/\/farm7.static.flickr.com\/6135\/5959741116_44905c97c2.jpg\" style=\"border:none;width:450px;height:300px;\" alt=\"La huella del bombardeo\" title=\"La huella del bombardeo\"><\/a><\/p>\n<p>Otra atraves\u00f3 el techo del templo y la \u00faltima cay\u00f3 en el mismo marco dorado del <a href=\"http:\/\/barbozagrasa.blogspot.com\/2009\/12\/goya-el-coreto-del-pilar-en-un-video-de.html\">mural de Goya en el Coreto<\/a>. Estos hechos hicieron que popularmente se atribuyera a un milagro de la Virgen la no destrucci\u00f3n del templo, idea h\u00e1bilmente alentada por la propaganda del bando &#8216;nacional&#8217;.<br \/>\nHoy se exhiben y conservan dos de estos proyectiles en uno de los pilares cercanos a la Santa Capilla.<br \/>\nFu\u00e9 un bombardeo incruento y a pesar de que <a href=\"http:\/\/zaragozaciudad.net\/dimas\/2007\/070201-70-anos-despues-memoria-de-los-bombardeos-republicanos-sobre-la-ciudad-de-zarago.php\">la ciudad sufri\u00f3 otros muchos<\/a> que llevaron el horror y la muerte a la capital aragonesa, este es sin duda uno de los m\u00e1s conocidos debido a su difusi\u00f3n propagand\u00edstica.<br \/>\nEl avi\u00f3n hab\u00eda pertenecido a las &#8216;Lineas A\u00e9reas Postales Espa\u00f1olas&#8217; (LAPE) y se hab\u00eda acondicionado con medios de circunstancias para su uso como bombardero con elementos de punter\u00eda de escasa precisi\u00f3n, aunque en aquella \u00e9poca no hab\u00eda elementos de punter\u00eda muy precisos y las t\u00e9cnicas de bombardeo estaban en mantillas.<br \/>\nAunque es obvio que no existen pruebas ciertas, los historiadores creen que es muy probable que el fallo de las bombas fuera debido al sabotaje de las mismas. Hay que pensar que cuando la guerra estall\u00f3 muchos se encontraron en un bando diferente al que hubieran defendido, pero dada la violencia del conflicto y la deplorable costumbre de pasar por las armas a los sospechosos de simpat\u00eda hacia el bando contrario, muchos decidieron mantener lo que algunos autores han dado en llamar &#8216;lealtad geogr\u00e1fica&#8217;, es decir seguirles la corriente a los fan\u00e1ticos que ten\u00edan m\u00e1s cerca.<br \/>\nSin duda alguna adem\u00e1s de la aparente &#8216;lealtad geogr\u00e1fica&#8217; en ambos bandos hubo quien form\u00f3 parte de la &#8216;quinta columna&#8217;, t\u00e9rmino acu\u00f1ado precisamente en la guerra civil para definir a los que luchaban en un bando a favor del contrario realizando acciones de sabotaje o entorpeciendo y retrasando el funcionamiento de las misiones encomendadas.<br \/>\nSobre la cuesti\u00f3n del milagro no merece casi la pena ni hablar. El que <a href=\"http:\/\/accionjuvenil.espanaforo.com\/t2647-un-avion-rojo-lanzo-bombas-sobre-la-basilica-del-pilar-3-de-agos\">quiera cre\u00e9rselo<\/a> se <a href=\"http:\/\/usuarios.multimania.es\/caballerosNSdelPilar\/bomba.htm\">lo creer\u00e1<\/a> y a estas alturas de la pel\u00edcula no le vamos a convencer de lo contrario por m\u00e1s pruebas que acumul\u00e1semos. Los descre\u00eddos no necesitan pruebas para desechar explicaciones m\u00e1gicas, les basta la raz\u00f3n y el sentido com\u00fan.  <\/p>\n","protected":false},"excerpt":{"rendered":"<p>En la madrugada del tres de agosto de 1936 un avi\u00f3n un Fokker F VII, bombardero de circunstancias del ej\u00e9rcito republicano lanz\u00f3 tres bombas sobre el templo del Pilar en Zaragoza pero ninguna de ellas explot\u00f3 <a href=\"https:\/\/robertopla.net\/blog\/el-bombardeo-del-pilar.htm\">Sigue leyendo <span class=\"meta-nav\">&rarr;<\/span><\/a><\/p>\n","protected":false},"author":1,"featured_media":0,"comment_status":"open","ping_status":"open","sticky":false,"template":"","format":"standard","meta":{"footnotes":""},"categories":[2],"tags":[43,52,144,161,166],"class_list":["post-1874","post","type-post","status-publish","format-standard","hentry","category-aerotrastorno","tag-aviacion","tag-bombardeos","tag-gce","tag-guerra","tag-historia"],"_links":{"self":[{"href":"https:\/\/robertopla.net\/blog\/wp-json\/wp\/v2\/posts\/1874","targetHints":{"allow":["GET"]}}],"collection":[{"href":"https:\/\/robertopla.net\/blog\/wp-json\/wp\/v2\/posts"}],"about":[{"href":"https:\/\/robertopla.net\/blog\/wp-json\/wp\/v2\/types\/post"}],"author":[{"embeddable":true,"href":"https:\/\/robertopla.net\/blog\/wp-json\/wp\/v2\/users\/1"}],"replies":[{"embeddable":true,"href":"https:\/\/robertopla.net\/blog\/wp-json\/wp\/v2\/comments?post=1874"}],"version-history":[{"count":0,"href":"https:\/\/robertopla.net\/blog\/wp-json\/wp\/v2\/posts\/1874\/revisions"}],"wp:attachment":[{"href":"https:\/\/robertopla.net\/blog\/wp-json\/wp\/v2\/media?parent=1874"}],"wp:term":[{"taxonomy":"category","embeddable":true,"href":"https:\/\/robertopla.net\/blog\/wp-json\/wp\/v2\/categories?post=1874"},{"taxonomy":"post_tag","embeddable":true,"href":"https:\/\/robertopla.net\/blog\/wp-json\/wp\/v2\/tags?post=1874"}],"curies":[{"name":"wp","href":"https:\/\/api.w.org\/{rel}","templated":true}]}}