{"id":189,"date":"2007-04-26T15:08:39","date_gmt":"2007-04-26T13:08:39","guid":{"rendered":"http:\/\/robertopla.net\/blog\/compartir-es-legal.htm"},"modified":"2007-04-26T15:08:39","modified_gmt":"2007-04-26T13:08:39","slug":"compartir-es-legal","status":"publish","type":"post","link":"https:\/\/robertopla.net\/blog\/compartir-es-legal.htm","title":{"rendered":"Compartir es Legal"},"content":{"rendered":"<p>Sin duda alguna, es una buena noticia con la que celebrar el &#8216;<a href=\"http:\/\/www.enredate.org\/enredate\/calendario\/diasmundiales\/dia_mundial_de_la_propiedad_intelectual\/\">D\u00eda Mundial de la Propiedad Intelectual<\/a>&#8216;, para evitar que se convierta en &#8216;el dia de los <a href=\"http:\/\/www.sgae.es\/\">ladrones<\/a>&#8216;.<\/p>\n<p>El Parlamento Europeo <a href=\"http:\/\/www.kriptopolis.org\/parlamento-europeo-compartir-es-legal\">vot\u00f3 ayer una propuesta de directiva<\/a> relativa a las medidas penales destinadas a garantizar el respeto de los derechos de propiedad intelectual y que ha sido modificada para que se persiga la copia de obras con fines comerciales, reconociendo de esta forma la libertad de compartir sin \u00e1nimo de lucro y a la copia privada.<\/p>\n<p><a href=\"http:\/\/es.wikipedia.org\/wiki\/Imagen:Nicholas_negroponte.jpg\" target=\"_blank\"><img decoding=\"async\" src=\"http:\/\/upload.wikimedia.org\/wikipedia\/commons\/thumb\/d\/d7\/Nicholas_negroponte.jpg\/180px-Nicholas_negroponte.jpg\"  style=\"border-style: none; float: left; position: relative; left: 0px; padding-right: 10px; padding-bottom: 10px; padding-top: 10px;\" alt=\"Negroponte\" title=\"Negroponte\" \/><\/a>Es cierto que los autores deben ser compensados y la creaci\u00f3n estimulada, pero la mayor parte de las medidas que se adoptan no son para proteger a los autores y artistas sino a los mercaderes que viven a su costa. A\u00f1os despu\u00e9s de que <a href=\"http:\/\/www.maccare.com.ar\/biografia_negroponte.htm\">Nicol\u00e1s Negroponte<\/a> escribiera &#8216;El Mundo Digital&#8217;, la industria de los \u00e1tomos se sigue resistiendo a encontrar nuevas f\u00f3rmulas de comercio para dar paso a la econom\u00eda de los bits. La ambici\u00f3n de unos pocos privilegiados limita las libertades de la mayor\u00eda de la humanidad, conculca sus derechos y les condena a la pobreza y la ignorancia, poniendo trabas a la difusi\u00f3n de la cultura.<\/p>\n<p>La lucha por la libertad de la red, por la libertad para difundir la cultura, expresarse libremente o innovar y mejorar el software es una lucha \u00e9pica y una de las mayores revoluciones que ha afrontado la humanidad, en la que se juega un futuro venturoso contra un mundo gris, injusto e ignorante. Tenemos la inmensa suerte de vivir un momento crucial de la historia y no vamos a dejarnos seducir por el lado oscuro, la Cultura Libre no es un capricho o una pose, es una necesidad y un derecho.<\/p>\n","protected":false},"excerpt":{"rendered":"<p>Sin duda alguna, es una buena noticia con la que celebrar el &#8216;D\u00eda Mundial de la Propiedad Intelectual&#8216;, para evitar que se convierta en &#8216;el dia de los ladrones&#8216;. El Parlamento Europeo vot\u00f3 ayer una propuesta de directiva relativa a &hellip; <a href=\"https:\/\/robertopla.net\/blog\/compartir-es-legal.htm\">Sigue leyendo <span class=\"meta-nav\">&rarr;<\/span><\/a><\/p>\n","protected":false},"author":1,"featured_media":0,"comment_status":"open","ping_status":"open","sticky":false,"template":"","format":"standard","meta":{"footnotes":""},"categories":[4],"tags":[],"class_list":["post-189","post","type-post","status-publish","format-standard","hentry","category-frikilandia"],"_links":{"self":[{"href":"https:\/\/robertopla.net\/blog\/wp-json\/wp\/v2\/posts\/189","targetHints":{"allow":["GET"]}}],"collection":[{"href":"https:\/\/robertopla.net\/blog\/wp-json\/wp\/v2\/posts"}],"about":[{"href":"https:\/\/robertopla.net\/blog\/wp-json\/wp\/v2\/types\/post"}],"author":[{"embeddable":true,"href":"https:\/\/robertopla.net\/blog\/wp-json\/wp\/v2\/users\/1"}],"replies":[{"embeddable":true,"href":"https:\/\/robertopla.net\/blog\/wp-json\/wp\/v2\/comments?post=189"}],"version-history":[{"count":0,"href":"https:\/\/robertopla.net\/blog\/wp-json\/wp\/v2\/posts\/189\/revisions"}],"wp:attachment":[{"href":"https:\/\/robertopla.net\/blog\/wp-json\/wp\/v2\/media?parent=189"}],"wp:term":[{"taxonomy":"category","embeddable":true,"href":"https:\/\/robertopla.net\/blog\/wp-json\/wp\/v2\/categories?post=189"},{"taxonomy":"post_tag","embeddable":true,"href":"https:\/\/robertopla.net\/blog\/wp-json\/wp\/v2\/tags?post=189"}],"curies":[{"name":"wp","href":"https:\/\/api.w.org\/{rel}","templated":true}]}}