{"id":1979,"date":"2011-08-31T13:41:03","date_gmt":"2011-08-31T11:41:03","guid":{"rendered":"http:\/\/robertopla.net\/blog\/?p=1979"},"modified":"2011-08-31T13:41:03","modified_gmt":"2011-08-31T11:41:03","slug":"mallorca-en-xarxa","status":"publish","type":"post","link":"https:\/\/robertopla.net\/blog\/mallorca-en-xarxa.htm","title":{"rendered":"Mallorca en xarxa"},"content":{"rendered":"<p>Al llegar a Mallorca llam\u00e9 por tel\u00e9fono a <a href=\"http:\/\/blog.bitassa.cat\/\">Benjam\u00ed Villoslada<\/a>, una de esas viejas amistades de la red con el que he coincidido en algunos foros, compartimos el inter\u00e9s por el software libre y muchas opiniones sobre la tecnolog\u00eda y la red. En principio se trataba de vernos un dia tomar unas cervezas o lo que hiciera falta y disfrutar de una charla &#8216;presencial&#8217; ya que las pocas otras vecces que nos hab\u00edamos visto hab\u00eda sido en Nueva York y en la Campus Party, unas curiosas coincidencias. Cosas de la red.<\/p>\n<p style=\"text-align:center;\"><a href=\"http:\/\/www.flickr.com\/photos\/fotero\/6099801568\/\" ><img decoding=\"async\" src=\"http:\/\/farm7.static.flickr.com\/6181\/6099801568_3a7ed4424e.jpg\" style=\"border:none;width:450px;height:300px;\" alt=\"D\u00edas de Radio\" title=\"D\u00edas de Radio\"><\/a><\/p>\n<p>Benjam\u00ed me propuso asistir en s\u00e1bado al programa \u00abMallorca en Xarxa\u00bb que el dirige y presenta en <a href=\"http:\/\/www.onamallorca.net\/\">Ona Mallorca<\/a>.<br \/>\nCon el necesario &#8216;placet&#8217; del Ministerio de Defensa le dije que no ten\u00eda inconveniente y el s\u00e1bado por la tarde pasamos un rato estupendo en la radio charlando con otros amigos en un programa que a mi me resulto muy interesante y que espero que tambi\u00e9n a los que tuvieron la ocasi\u00f3n de escucharlo. <\/p>\n<p style=\"text-align:center;\"><a href=\"http:\/\/www.flickr.com\/photos\/fotero\/6099802808\/\" ><img loading=\"lazy\" decoding=\"async\" src=\"http:\/\/farm7.static.flickr.com\/6184\/6099802808_d900b224b1.jpg\" width=\"450\" height=\"300\" alt=\"Ona en Xarxa\" title=\"Ona en Xarxa\"><\/a><\/p>\n<p>Los que se lo perdieron todav\u00eda pueden o\u00edrlo en la red donde est\u00e1 colgado como podcast. <\/p>\n","protected":false},"excerpt":{"rendered":"<p>Al llegar a Mallorca llam\u00e9 por tel\u00e9fono a Benjam\u00ed Villoslada, una de esas viejas amistades de la red que me propuso asistir en s\u00e1bado al programa \u00abMallorca en Xarxa\u00bb  <a href=\"https:\/\/robertopla.net\/blog\/mallorca-en-xarxa.htm\">Sigue leyendo <span class=\"meta-nav\">&rarr;<\/span><\/a><\/p>\n","protected":false},"author":1,"featured_media":0,"comment_status":"open","ping_status":"open","sticky":false,"template":"","format":"standard","meta":{"footnotes":""},"categories":[10],"tags":[],"class_list":["post-1979","post","type-post","status-publish","format-standard","hentry","category-viajes"],"_links":{"self":[{"href":"https:\/\/robertopla.net\/blog\/wp-json\/wp\/v2\/posts\/1979","targetHints":{"allow":["GET"]}}],"collection":[{"href":"https:\/\/robertopla.net\/blog\/wp-json\/wp\/v2\/posts"}],"about":[{"href":"https:\/\/robertopla.net\/blog\/wp-json\/wp\/v2\/types\/post"}],"author":[{"embeddable":true,"href":"https:\/\/robertopla.net\/blog\/wp-json\/wp\/v2\/users\/1"}],"replies":[{"embeddable":true,"href":"https:\/\/robertopla.net\/blog\/wp-json\/wp\/v2\/comments?post=1979"}],"version-history":[{"count":0,"href":"https:\/\/robertopla.net\/blog\/wp-json\/wp\/v2\/posts\/1979\/revisions"}],"wp:attachment":[{"href":"https:\/\/robertopla.net\/blog\/wp-json\/wp\/v2\/media?parent=1979"}],"wp:term":[{"taxonomy":"category","embeddable":true,"href":"https:\/\/robertopla.net\/blog\/wp-json\/wp\/v2\/categories?post=1979"},{"taxonomy":"post_tag","embeddable":true,"href":"https:\/\/robertopla.net\/blog\/wp-json\/wp\/v2\/tags?post=1979"}],"curies":[{"name":"wp","href":"https:\/\/api.w.org\/{rel}","templated":true}]}}