{"id":1985,"date":"2011-09-01T18:26:08","date_gmt":"2011-09-01T16:26:08","guid":{"rendered":"http:\/\/robertopla.net\/blog\/?p=1985"},"modified":"2011-09-01T18:26:08","modified_gmt":"2011-09-01T16:26:08","slug":"el-mar-la-mar-la-vida","status":"publish","type":"post","link":"https:\/\/robertopla.net\/blog\/el-mar-la-mar-la-vida.htm","title":{"rendered":"El mar, la mar, la vida"},"content":{"rendered":"<p>Ya estoy de regreso de las vacaciones. Es una sensaci\u00f3n extra\u00f1a, porque normalmente todo el mundo se suele sentir triste al acabar las vacaciones. Dicen incluso que hay un tipo de depresi\u00f3n espec\u00edfica que ataca a la vuelta al trabajo y la rutina diaria.<br \/>\nPor otra parte leo en un blog que hay un porcentaje importante de espa\u00f1oles que <a href=\"http:\/\/portalprevencion.lexnova.es\/noticias\/PREVENCION\/75688\/la-mayoria-de-los-espanoles-no-desconectan-del-trabajo-en-vacaciones\">no &#8216;desconectan&#8217; de su trabajo<\/a> durante las vacaciones y que gracias a las nuevas tecnolog\u00edas acceder a sus tareas por internet o se ven importunados por tel\u00e9fono para seguir en la brecha. <\/p>\n<p style=\"text-align:center;\"><a href=\"http:\/\/www.flickr.com\/photos\/fotero\/6102971410\/\" ><img decoding=\"async\" src=\"http:\/\/farm7.static.flickr.com\/6196\/6102971410_c6c561cd34.jpg\" style=\"border:none;width:450px;height:300px;\" alt=\"Illa de Sa Dragonera\" title=\"Illa de Sa Dragonera\"><\/a><\/p>\n<p>Yo no estoy en absoluto deprimido. Estaba deseando acabar las vacaciones. Ser\u00eda inexacto si dijera que me lo he pasado mal o que estaba sufriendo, porque ha habido muy buenos momentos, momentos divertidos y momentos tranquilos, pero tambi\u00e9n ha habido momentos de calor insoportable, de incomodidad desagradable y de aburrimiento y desesperaci\u00f3n. Quince d\u00edas me parece una eternidad para pasarlos frente al mar. M\u00e1s de treinta grados a la sombra me parece una crueldad innecesaria, una fatiga empapada en sudor y ojos cegados por un sol abrasador.<br \/>\nResulta que si no te gusta el mar eres raro. A todo el mundo le gusta el mar y todo el mundo coincide con los poetas que han cantado su inmensidad, su precioso color azul, su olor y el rumor o las caricias de las olas.<br \/>\nA mi me parece un mont\u00f3n de agua salada que deja una sensaci\u00f3n bastante desagradable despu\u00e9s del ba\u00f1o, encuentro insufrible el picor de la sal en la piel y volver a casa con el ba\u00f1ador h\u00famedo roz\u00e1ndome hasta la irritaci\u00f3n la entrepierna. Ducharme al llegar y empezar a sudar antes de haberme acabado de secar.<br \/>\nY no tengo depresi\u00f3n por volver al trabajo, pero me siento mal por estar deseando que se acaben de una vez las malditas vacaciones marineras porque la raz\u00f3n de que me haya visto en este trance es que a Mercedes si le gustan y yo me he apuntado para que ella las disfrutase y quisiera poder haberlas disfrutado m\u00e1s para que ella se lo pasase mejor, en lugar de pensar en que yo estaba a disgusto o incluso soportar injustamente alg\u00fan arrebato de mal humor producido por la ansiedad y el calor. A m\u00ed me gustar\u00eda compartir con ella su af\u00e1n marinero como todo lo dem\u00e1s de nuestra vida, pero el mar y yo solo nos toleramos en peque\u00f1as dosis.<br \/>\nAhora mismo contemplo tras los cristales de la cafeter\u00eda del barco que nos lleva a Barcelona esta inmensidad, un plano gris y soleado y lo encuentro aburrido. Sumamente aburrido. Y mejor que lo siga siendo, antes que convertirse en una desagradable superficie ondulante. Por suerte las fuerzas que controlan y agitan el mar nada saben de mi desaf\u00edo y mi desprecio.<br \/>\nSupongo que volver\u00e9 al mar y a la playa. No lo har\u00e9 resignado, sino decidido a pasarlo lo mejor posible. Seguir\u00e9 intent\u00e1ndolo como deb\u00eda intentarlo el pastor enamorado de la sirena, lo har\u00e9 ilusionado en arrancarle alg\u00fan momento brillante y divertido, con la misma ilusi\u00f3n que nos esforzamos en encontrar la felicidad desechando los desplantes de la vida, sin pensar jam\u00e1s si nos gusta vivir, solo asumiendo que la vida es as\u00ed: un poco de esto y otro poco de aquello y que de nosotros depende poner el acento del lado de la balanza que m\u00e1s nos conviene para elegir ser felices o desgraciados.<br \/>\nNaturalmente yo elegir\u00e9 ser feliz. Tambi\u00e9n ma\u00f1ana cuando vea el mar, de vuelta al trabajo. <\/p>\n","protected":false},"excerpt":{"rendered":"<p>Ya estoy de regreso de las vacaciones. Es una sensaci\u00f3n extra\u00f1a, porque normalmente todo el mundo se suele sentir triste al acabar las vacaciones. <a href=\"https:\/\/robertopla.net\/blog\/el-mar-la-mar-la-vida.htm\">Sigue leyendo <span class=\"meta-nav\">&rarr;<\/span><\/a><\/p>\n","protected":false},"author":1,"featured_media":0,"comment_status":"open","ping_status":"open","sticky":false,"template":"","format":"standard","meta":{"footnotes":""},"categories":[8],"tags":[],"class_list":["post-1985","post","type-post","status-publish","format-standard","hentry","category-omblogo"],"_links":{"self":[{"href":"https:\/\/robertopla.net\/blog\/wp-json\/wp\/v2\/posts\/1985","targetHints":{"allow":["GET"]}}],"collection":[{"href":"https:\/\/robertopla.net\/blog\/wp-json\/wp\/v2\/posts"}],"about":[{"href":"https:\/\/robertopla.net\/blog\/wp-json\/wp\/v2\/types\/post"}],"author":[{"embeddable":true,"href":"https:\/\/robertopla.net\/blog\/wp-json\/wp\/v2\/users\/1"}],"replies":[{"embeddable":true,"href":"https:\/\/robertopla.net\/blog\/wp-json\/wp\/v2\/comments?post=1985"}],"version-history":[{"count":0,"href":"https:\/\/robertopla.net\/blog\/wp-json\/wp\/v2\/posts\/1985\/revisions"}],"wp:attachment":[{"href":"https:\/\/robertopla.net\/blog\/wp-json\/wp\/v2\/media?parent=1985"}],"wp:term":[{"taxonomy":"category","embeddable":true,"href":"https:\/\/robertopla.net\/blog\/wp-json\/wp\/v2\/categories?post=1985"},{"taxonomy":"post_tag","embeddable":true,"href":"https:\/\/robertopla.net\/blog\/wp-json\/wp\/v2\/tags?post=1985"}],"curies":[{"name":"wp","href":"https:\/\/api.w.org\/{rel}","templated":true}]}}