{"id":2049,"date":"2011-09-28T11:53:57","date_gmt":"2011-09-28T09:53:57","guid":{"rendered":"http:\/\/robertopla.net\/blog\/?p=2049"},"modified":"2011-09-28T11:53:57","modified_gmt":"2011-09-28T09:53:57","slug":"eclipse-desde-pascua","status":"publish","type":"post","link":"https:\/\/robertopla.net\/blog\/eclipse-desde-pascua.htm","title":{"rendered":"Eclipse de sol desde la Isla de Pascua"},"content":{"rendered":"<p><a href=\"http:\/\/www.tierrayestrellas.com\/casado\/currjcc.html\">Juan Carlos Casado<\/a> dio el pasado d\u00eda 23 una interesante conferencia en el local de la <a href=\"http:\/\/amicscastellsf-figueres.blogspot.com\/\">Associaci\u00f3 d&#8217;Amics del Castell de Sant Ferran<\/a>, en el propio castillo. La Asociaci\u00f3n viene desarrollando un intenso programa de actividades culturales que la convierten en una de las asociaciones culturales m\u00e1s activas de Figueres en cuyos actos, muchas de las veces, lo \u00fanico malo es que el local se queda peque\u00f1o, debido al gran inter\u00e9s de los temas tratados. <\/p>\n<p style=\"text-align:center;\"><img decoding=\"async\" src=\"http:\/\/robertopla.net\/blog\/img\/sheilos10.jpg\" alt=\"Cartel\" title=\"Cartel\" style=\"border:none;width:432px; height:307PX;\" \/><\/p>\n<p>Por eso decidimos ir temprano para coger sitio y no perdernos una palabra ni una foto de la charla de Juan Carlos, un fot\u00f3grafo astron\u00f3mico brillante y un viajero empedernido.<br \/>\nHabl\u00f3 de la expedici\u00f3n <a href=\"http:\/\/www.shelios.com\/sh2010\/\">Sheilos 2010<\/a> que tuvo como objetivo fotografiar el eclipse total de sol desde la <a href=\"http:\/\/www.portalrapanui.cl\/\">isla de Pascua<\/a> el 11 de julio. Nos hablo de su fascinaci\u00f3n desde muy joven por Rapa-Nui, la Isla de pascua, de lo caro que es llegar y de las curiosidades de la isla a dem\u00e1s, por supuesto de los famos\u00edsimos <a href=\"http:\/\/es.wikipedia.org\/wiki\/Mo%C3%A1i\">Mo\u00e1is<\/a> que en la isla tienen car\u00e1cter de sagrados y son permanentemente vigilados para protegerlos de los turistas.<br \/>\nAdem\u00e1s de una interesante, breve y clar\u00edsima explicaci\u00f3n sobre el fen\u00f3meno del eclipse de sol y su observaci\u00f3n, y como no pod\u00eda ser de otra manera, pudimos ver una interesante selecci\u00f3n de la fotograf\u00edas de Juan Carlos.<br \/>\nTambi\u00e9n tomamos nota de la fecha del pr\u00f3ximo eclipse total de sol que podr\u00e1 verse en Espa\u00f1a, ser\u00e1 el <a href=\"http:\/\/es.wikipedia.org\/wiki\/Eclipse_solar#Tabla_de_eclipses.2C_desde_el_a.C3.B1o_1860_hasta_el_2026\">12 de agosto de 1926<\/a> y habr\u00e1 que bajar al menos hasta Valencia para verlo en todo su esplendor. Un viaje seguramente mucho menos ex\u00f3tico que el de la isla de Pascua, pero sin duda mucho m\u00e1s a nuestro alcance.<\/p>\n","protected":false},"excerpt":{"rendered":"<p>Juan Carlos Casado dio el pasado d\u00eda 23 una interesante conferencia en el local de la Associaci\u00f3 d&#8217;Amics del Castell de Sant Ferran en Figueres. <a href=\"https:\/\/robertopla.net\/blog\/eclipse-desde-pascua.htm\">Sigue leyendo <span class=\"meta-nav\">&rarr;<\/span><\/a><\/p>\n","protected":false},"author":1,"featured_media":0,"comment_status":"open","ping_status":"open","sticky":false,"template":"","format":"standard","meta":{"footnotes":""},"categories":[3],"tags":[38,130,138,424],"class_list":["post-2049","post","type-post","status-publish","format-standard","hentry","category-fotografia-2","tag-astronomia","tag-figueres","tag-fotografia","tag-viajes"],"_links":{"self":[{"href":"https:\/\/robertopla.net\/blog\/wp-json\/wp\/v2\/posts\/2049","targetHints":{"allow":["GET"]}}],"collection":[{"href":"https:\/\/robertopla.net\/blog\/wp-json\/wp\/v2\/posts"}],"about":[{"href":"https:\/\/robertopla.net\/blog\/wp-json\/wp\/v2\/types\/post"}],"author":[{"embeddable":true,"href":"https:\/\/robertopla.net\/blog\/wp-json\/wp\/v2\/users\/1"}],"replies":[{"embeddable":true,"href":"https:\/\/robertopla.net\/blog\/wp-json\/wp\/v2\/comments?post=2049"}],"version-history":[{"count":0,"href":"https:\/\/robertopla.net\/blog\/wp-json\/wp\/v2\/posts\/2049\/revisions"}],"wp:attachment":[{"href":"https:\/\/robertopla.net\/blog\/wp-json\/wp\/v2\/media?parent=2049"}],"wp:term":[{"taxonomy":"category","embeddable":true,"href":"https:\/\/robertopla.net\/blog\/wp-json\/wp\/v2\/categories?post=2049"},{"taxonomy":"post_tag","embeddable":true,"href":"https:\/\/robertopla.net\/blog\/wp-json\/wp\/v2\/tags?post=2049"}],"curies":[{"name":"wp","href":"https:\/\/api.w.org\/{rel}","templated":true}]}}