{"id":2126,"date":"2011-10-18T12:14:43","date_gmt":"2011-10-18T10:14:43","guid":{"rendered":"http:\/\/robertopla.net\/blog\/?p=2126"},"modified":"2011-10-18T12:14:43","modified_gmt":"2011-10-18T10:14:43","slug":"vistas-oblicuas-en-google-maps","status":"publish","type":"post","link":"https:\/\/robertopla.net\/blog\/vistas-oblicuas-en-google-maps.htm","title":{"rendered":"Vistas oblicuas en Google Maps"},"content":{"rendered":"<p>Estaba consultando el mapa de Roma y al hacer zoom sobre la vista de &#8216;sat\u00e9lite&#8217; me he dado cuenta de que los edificios se ve\u00edan en vista oblicua. No era tan solo la leve inclinaci\u00f3n producida por la fotograf\u00eda vertical cuando los edificios no est\u00e1n en el centro de la foto, sino de un efecto bastante exagerado.<br \/>\nPartiendo de la base de que cre\u00eda ver una foto vertical me sorprend\u00eda el efecto de la perspectiva y al consultar el men\u00fa lateral he visto que estaba activada una nueva opci\u00f3n, \u00ab45\u00ba\u00bb.<\/p>\n<p style=\"text-align:center;\"><a href=\"http:\/\/www.flickr.com\/photos\/fotero\/6256964182\/\" ><img decoding=\"async\" src=\"http:\/\/farm7.static.flickr.com\/6231\/6256964182_6a7aef5e04.jpg\" style=\"border:none;width:450px;height:328px;\" alt=\"Roma a 45\u00ba\" title=\"Roma a 45\u00ba\"><\/a><\/p>\n<p>Aqui puede verse una vista del <a href=\"http:\/\/robertopla.net\/blog\/la-aviacion-y-la-roma-clasica.htm\">\u00abPalacio de la Aeron\u00e1utica\u00bb<\/a> un edificio monumental de la \u00e9poca de Mussolini que alberga hoy en d\u00eda al Ministerio de Defensa de Italia, construido en el solar que ocuparon los cuarteles de la Guardia Pretoriana en la antigua Roma. En la pagina de la foto en Flickr (Haciendo click sobre la foto) he se\u00f1alado la ubicaci\u00f3n de l&#8217;Ufficio Storico, que tuve ocasi\u00f3n de visitar en busca de nformacion sobre la participaci\u00f3n italiana en nuestra guerra civil.<br \/>\nNo se cuanto tiempo lleva activa pero yo es la primera vez que la veo. He comprobado si est\u00e1 disponible en Espa\u00f1a y ni Barcelona ni Madrid ofrecen esa posibilidad. Si est\u00e1 en el men\u00fa, pero dice que esa vista no est\u00e1 disponible. Tampoco en Par\u00eds ni Londres.<br \/>\nHurgando en el buscador he encontrado <a href=\"http:\/\/www.20minutos.es\/noticia\/1144178\/0\/google-maps\/mezquita\/cordoba\/\">una noticia<\/a> de finales de agosto -cielos, llevo m\u00e1s de mes y medio de retraso!- en la que se comenta que Google inici\u00f3 esta caracter\u00edstica en Espa\u00f1a por esas fechas con las vistas oblicuas de la ciudad de C\u00f3rdoba, incluida entre las primeras del mundo en poder verse desde este punto de vista.<br \/>\nEn otro <a href=\"http:\/\/geeksroom.com\/2011\/09\/google-maps-incluye-nuevas-imagenes-en-45%C2%BA-para-24-ciudades-algunas-de-espana\/53423\/\">art\u00edculo de Geek&#8217;s Room<\/a> he visto una imagen de Girona y compruebo que tambi\u00e9n puede verse, y trasteando con este nuevo juguete he montado esta panor\u00e1mica a base de solo dos pantallas contiguas recortadas. Una foto que me habr\u00eda gustado poder hacer desde la cometa, pero que puedo obtener sin moverme de la silla.<\/p>\n<p style=\"text-align:center;\"><a href=\"http:\/\/www.flickr.com\/photos\/fotero\/6256433971\/\"><img decoding=\"async\" src=\"http:\/\/farm7.static.flickr.com\/6153\/6256433971_6a3b72e00f.jpg\" style=\"border:none;width:450px;height:225px;\" alt=\"Girona\"  title=\"Girona\"><\/a><\/p>\n","protected":false},"excerpt":{"rendered":"<p>Desde finales de agosto Flickr tiene la opci\u00f3n, por ahora solo disponible para algunas ciudades, de ver en la vista de &#8216;sat\u00e9lite&#8217; una perspectiva oblicua <a href=\"https:\/\/robertopla.net\/blog\/vistas-oblicuas-en-google-maps.htm\">Sigue leyendo <span class=\"meta-nav\">&rarr;<\/span><\/a><\/p>\n","protected":false},"author":1,"featured_media":0,"comment_status":"open","ping_status":"open","sticky":false,"template":"","format":"standard","meta":{"footnotes":""},"categories":[4],"tags":[33,138,150,151,176,185,221],"class_list":["post-2126","post","type-post","status-publish","format-standard","hentry","category-frikilandia","tag-arquitectura","tag-fotografia","tag-google","tag-googlemaps","tag-imagen","tag-internet","tag-mapas"],"_links":{"self":[{"href":"https:\/\/robertopla.net\/blog\/wp-json\/wp\/v2\/posts\/2126","targetHints":{"allow":["GET"]}}],"collection":[{"href":"https:\/\/robertopla.net\/blog\/wp-json\/wp\/v2\/posts"}],"about":[{"href":"https:\/\/robertopla.net\/blog\/wp-json\/wp\/v2\/types\/post"}],"author":[{"embeddable":true,"href":"https:\/\/robertopla.net\/blog\/wp-json\/wp\/v2\/users\/1"}],"replies":[{"embeddable":true,"href":"https:\/\/robertopla.net\/blog\/wp-json\/wp\/v2\/comments?post=2126"}],"version-history":[{"count":0,"href":"https:\/\/robertopla.net\/blog\/wp-json\/wp\/v2\/posts\/2126\/revisions"}],"wp:attachment":[{"href":"https:\/\/robertopla.net\/blog\/wp-json\/wp\/v2\/media?parent=2126"}],"wp:term":[{"taxonomy":"category","embeddable":true,"href":"https:\/\/robertopla.net\/blog\/wp-json\/wp\/v2\/categories?post=2126"},{"taxonomy":"post_tag","embeddable":true,"href":"https:\/\/robertopla.net\/blog\/wp-json\/wp\/v2\/tags?post=2126"}],"curies":[{"name":"wp","href":"https:\/\/api.w.org\/{rel}","templated":true}]}}