{"id":2147,"date":"2011-11-07T12:07:34","date_gmt":"2011-11-07T11:07:34","guid":{"rendered":"http:\/\/robertopla.net\/blog\/?p=2147"},"modified":"2011-11-07T12:07:34","modified_gmt":"2011-11-07T11:07:34","slug":"conferencia-en-la-senia","status":"publish","type":"post","link":"https:\/\/robertopla.net\/blog\/conferencia-en-la-senia.htm","title":{"rendered":"Conferencia en La Senia"},"content":{"rendered":"<p>He tenido el blog en silencio durante m\u00e1s d\u00edas de lo habitual porque estaba preparando la conferencia que di el s\u00e1bado 5 en el antiguo <a href=\"http:\/\/g.co\/maps\/abtwa\">campo de Aviaci\u00f3n de La Senia<\/a>, en Tarragona.<br \/>\nEl campo fu\u00e9 construido por la aviaci\u00f3n republicana durante la guerra civil y tras la llegada de los &#8216;nacionales&#8217; a aquellas tierras fue utilizado por la Legi\u00f3n C\u00f3ndor. El edificio principal del campo ha resistido de forma sorprendente el paso del tiempo y a\u00fan de forma m\u00e1s sorprendente muestra en una de sus esquinas un relieve con el emblema de las fuerzas a\u00e9reas de la rep\u00fablica. <\/p>\n<p style=\"text-align:center;\"><a href=\"http:\/\/www.flickr.com\/photos\/fotero\/227664067\/\" ><img decoding=\"async\" src=\"http:\/\/farm1.static.flickr.com\/90\/227664067_43082265e9.jpg\" style=\"border:none;width:450px;height:338px;\" alt=\"La Senia, 2006\" title=\"La Senia, 2006\"><\/a><\/p>\n<p>El Centre d&#8217;Estudis d&#8217;Investigaci\u00f3 hist\u00f2rica Baix maestrat \/ Montsi\u00e0 <a href=\"http:\/\/www.ceibm.org\/\">CEIBM<\/a> se puso en contacto conmigo para proponerme dar una conferencia en el marco de unas jornadas inaugurales del reacondicionamiento de ese edificio como centro de interpretaci\u00f3n. Acept\u00e9 encantado, muy halagado de que hubieran pensado en mi y propuse que la conferencia versase sobre <em>\u00abLa tecnolog\u00eda de la guerra a\u00e9rea en la guerra civil espa\u00f1ola\u00bb<\/em>.<br \/>\nEl s\u00e1bado en medio de un ambiente festivo, al que ayudaba la participaci\u00f3n en el evento de alg\u00fan grupo de reconstrucci\u00f3n y un peque\u00f1o mercadillo de militaria, habl\u00f3 en primer lugar <a href=\"http:\/\/sarinyenaantigua.com\/\">Salvador Trallero<\/a>, autor y editor de Sari\u00f1ena que transmiti\u00f3 a la audiencia la experiencia y la historia de Sari\u00f1ena en relaci\u00f3n con su campo de aviaci\u00f3n, que tambi\u00e9n fue un campo singular durante la guerra al servir de base a la escuadrilla \u00abAlas Rojas\u00bb. <\/p>\n<div style=\"text-align:center;width:450px;border:none\">\n<p style=\"text-align:center;\"><a href=\"http:\/\/www.flickr.com\/photos\/fotero\/6321342667\/\" ><img loading=\"lazy\" decoding=\"async\" src=\"http:\/\/farm7.static.flickr.com\/6037\/6321342667_a0f06a7020.jpg\" width=\"450\" height=\"300\" alt=\"Presentacion\" title=\"Presentacion\"><\/a><\/p>\n<p><a href=\"http:\/\/www.flickr.com\/photos\/fotero\/6321344453\/\" ><img decoding=\"async\" src=\"http:\/\/farm7.static.flickr.com\/6019\/6321344453_8b7f788851_m.jpg\" style=\"border:none;width:216px;height:144px;\" alt=\"Con el Mosca\" title=\"Con el Mosca\"><\/a>&nbsp;<a href=\"http:\/\/www.flickr.com\/photos\/fotero\/6321343389\/\" ><img decoding=\"async\" src=\"http:\/\/farm7.static.flickr.com\/6037\/6321343389_4d2ac030c1_m.jpg\" style=\"border:none;width:216px;height:144px;\" alt=\"Entrevista TV3\"title=\"Entrevista TV3\"><\/a><\/p>\n<\/div>\n<p>Yo por mi parte, intent\u00e9 exponer un panorama de la historia de la guerra a\u00e9rea antes de 1936 y las principales doctrinas de empleo (Dohuet, Mitchell&#8230;), una pincelada de la situaci\u00f3n de la aviaci\u00f3n militar en Espa\u00f1a al inicio de la guerra civil -resumiendo: escasa y obsoleta- y un panorama de las experiencias y pruebas de concepto que las potencias extranjeras que intervinieron realizaron en la guerra civil, as\u00ed como una explicaci\u00f3n de las t\u00e9cnicas de bombardeo y defensa a\u00e9rea, que a mi modo de ver permiten entender en mayor medida como y porqu\u00e9 se desarrollaron los hechos tal y como ocurrieron.<br \/>\nComo an\u00e9cdota, he de mencionar que no pude utilizar la presentaci\u00f3n que hab\u00eda preparado con tanto inter\u00e9s, debido a un problema t\u00e9cnico ya que no se pudo conectar el ordenador al ca\u00f1\u00f3n proyector de v\u00eddeo.<br \/>\nDespu\u00e9s de la conferencia me entrevistaron para el programa <a href=\"http:\/\/www.tv3.cat\/telenoticiescomarques\">&#8216;Telenoticies comarques&#8217; de TV3<\/a> que se emitir\u00e1 el <abbr title=\"06\/11\/2011\">lunes 6<\/abbr> a las 14:00. <\/p>\n","protected":false},"excerpt":{"rendered":"<p>Rese\u00f1a de la conferencia que di el s\u00e1bado 5 de noviembre de 2011 en el antiguo campo de Aviaci\u00f3n de La Senia, en Tarragona. <a href=\"https:\/\/robertopla.net\/blog\/conferencia-en-la-senia.htm\">Sigue leyendo <span class=\"meta-nav\">&rarr;<\/span><\/a><\/p>\n","protected":false},"author":1,"featured_media":0,"comment_status":"open","ping_status":"open","sticky":false,"template":"","format":"standard","meta":{"footnotes":""},"categories":[2],"tags":[],"class_list":["post-2147","post","type-post","status-publish","format-standard","hentry","category-aerotrastorno"],"_links":{"self":[{"href":"https:\/\/robertopla.net\/blog\/wp-json\/wp\/v2\/posts\/2147","targetHints":{"allow":["GET"]}}],"collection":[{"href":"https:\/\/robertopla.net\/blog\/wp-json\/wp\/v2\/posts"}],"about":[{"href":"https:\/\/robertopla.net\/blog\/wp-json\/wp\/v2\/types\/post"}],"author":[{"embeddable":true,"href":"https:\/\/robertopla.net\/blog\/wp-json\/wp\/v2\/users\/1"}],"replies":[{"embeddable":true,"href":"https:\/\/robertopla.net\/blog\/wp-json\/wp\/v2\/comments?post=2147"}],"version-history":[{"count":0,"href":"https:\/\/robertopla.net\/blog\/wp-json\/wp\/v2\/posts\/2147\/revisions"}],"wp:attachment":[{"href":"https:\/\/robertopla.net\/blog\/wp-json\/wp\/v2\/media?parent=2147"}],"wp:term":[{"taxonomy":"category","embeddable":true,"href":"https:\/\/robertopla.net\/blog\/wp-json\/wp\/v2\/categories?post=2147"},{"taxonomy":"post_tag","embeddable":true,"href":"https:\/\/robertopla.net\/blog\/wp-json\/wp\/v2\/tags?post=2147"}],"curies":[{"name":"wp","href":"https:\/\/api.w.org\/{rel}","templated":true}]}}