{"id":2212,"date":"2011-12-23T10:53:30","date_gmt":"2011-12-23T09:53:30","guid":{"rendered":"http:\/\/robertopla.net\/blog\/?p=2212"},"modified":"2023-09-05T18:35:41","modified_gmt":"2023-09-05T16:35:41","slug":"maqueta-15-del-aviocar","status":"publish","type":"post","link":"https:\/\/robertopla.net\/blog\/maqueta-15-del-aviocar.htm","title":{"rendered":"Maqueta 1:5 del Aviocar"},"content":{"rendered":"<p>Ayer hice una visita al taller de los hermanos Ram\u00f3n y Paco Lopez en Alcantarilla, para admirar la maravillosa maqueta de Aviocar a escala 1:5 que est\u00e1n construyendo. Me llev\u00f3 mi gran amigo Miguel, que cuando vengo a Murcia siempre busca algo con lo que sorprenderme. Esta vez lo consigui\u00f3 con creces.<\/p>\n<div style=\"padding: 56.25% 0 0 0; position: relative;\"><iframe style=\"position: absolute; top: 0; left: 0; width: 100%; height: 100%;\" title=\"Maqueta C212. Timelapse\" src=\"https:\/\/player.vimeo.com\/video\/34104933?badge=0&amp;autopause=0&amp;player_id=0&amp;app_id=58479\" frameborder=\"0\"><span data-mce-type=\"bookmark\" style=\"display: inline-block; width: 0px; overflow: hidden; line-height: 0;\" class=\"mce_SELRES_start\">\ufeff<\/span><\/iframe><\/div>\n<p><script src=\"https:\/\/player.vimeo.com\/api\/player.js\"><\/script><\/p>\n<p>Cuando entramos en el taller busqu\u00e9 un emplazamiento para la <a href=\"https:\/\/gopro.com\/es\/es\/\">Gopro<\/a> y la coloqu\u00e9 programada para efectuar un disparo cada 5 seg. Con las 267 im\u00e1genes resultantes mont\u00e9 por la noche este timelapse.<br \/>\nPara ello recort\u00e9 las im\u00e1genes originales. Lo hice buscando con <a href=\"http:\/\/www.gimp.org.es\/\">GIMP<\/a> el encuadre adecuado. GIMP me dio la posici\u00f3n y las dimensiones del rect\u00e1ngulo y utilizando <a href=\"https:\/\/www.xnview.com\/\">Xnview<\/a>, en una sola transformaci\u00f3n recort\u00e9 todas las fotos y reduje el rect\u00e1ngulo obtenido a 1920&#215;1080 puntos renombrando las fotos desde a_000.jpg hasta a_266.jpg .<br \/>\nLas im\u00e1genes resultantes las us\u00e9 para construir el v\u00eddeo con <a href=\"https:\/\/es.wikipedia.org\/wiki\/FFmpeg\">ffmpeg<\/a> usando la sentencia (Mi Tablet PC usa Windows):<\/p>\n<p style=\"border: solid 1px #c5c5c5; background-color: #9090ff; font-size: .8em; width: 450px:text-align:center;\"><code>ffmpeg -f image2 -r 4 -i c:origena_%3d.jpg c:finc212_01.avi<\/code><\/p>\n<p>El resultado es de bastante baja calidad, muy pixelado por alg\u00fan problema con &#8216;la compatibilidad del sistema de pixels&#8217; que apareci\u00f3 entre los errores de la salida, pero como no ten\u00eda ni mucho tiempo ni mucho ancho de banda para subir v\u00eddeos gigantescos a <a href=\"http:\/\/vimeo.com\/rpla\/\">Vimeo<\/a>, y este ocupaba solo unos 6 Mb., lo sub\u00ed y me fui a dormir.<br \/>\nHay otras fotos, las que hice del interior de la maqueta que son espectaculares, pero que n podr\u00e9 subir hasta que no tenga una buena conexi\u00f3n y tiempo para procesarlas.<\/p>\n<p style=\"text-align: center;\"><a href=\"http:\/\/www.flickr.com\/photos\/fotero\/6556369461\/\"><img decoding=\"async\" style=\"border: none; width: 450px; eight: 300px;\" title=\"Sobremesa\" src=\"http:\/\/farm8.staticflickr.com\/7151\/6556369461_302afe6dc6.jpg\" alt=\"Sobremesa\" \/><\/a><\/p>\n<p>Ya solo me queda agradecer a mis compa\u00f1eros de excursi\u00f3n de ayer, Miguel, Juan y Vicente su agradable compa\u00f1\u00eda y a los hermanos Ram\u00f3n y Paco su amable hospitalidad su generosidad al mostrarnos su incre\u00edble trabajo y ponderar su paciencia, dedicaci\u00f3n y maestr\u00eda al construir ese objeto maravilloso que es la maqueta que est\u00e1n haciendo, que va a ser un motivo de placer y admiraci\u00f3n para cualquier aerotrastornado que tenga la oportunidad de contemplarlo.<\/p>\n","protected":false},"excerpt":{"rendered":"<p>Timelapse de 267 fotograf\u00edas realizadas con la GoPro montadas, deprisa y corriendo con ffmpeg<br \/>\n <a href=\"https:\/\/robertopla.net\/blog\/maqueta-15-del-aviocar.htm\">Sigue leyendo <span class=\"meta-nav\">&rarr;<\/span><\/a><\/p>\n","protected":false},"author":1,"featured_media":0,"comment_status":"open","ping_status":"open","sticky":false,"template":"","format":"standard","meta":{"footnotes":""},"categories":[2],"tags":[17,24,43,45,53,138,223,239,359],"class_list":["post-2212","post","type-post","status-publish","format-standard","hentry","category-aerotrastorno","tag-aeromodelismo","tag-amigos","tag-aviacion","tag-aviocar","tag-c-212","tag-fotografia","tag-maqueta","tag-modelismo","tag-video"],"_links":{"self":[{"href":"https:\/\/robertopla.net\/blog\/wp-json\/wp\/v2\/posts\/2212","targetHints":{"allow":["GET"]}}],"collection":[{"href":"https:\/\/robertopla.net\/blog\/wp-json\/wp\/v2\/posts"}],"about":[{"href":"https:\/\/robertopla.net\/blog\/wp-json\/wp\/v2\/types\/post"}],"author":[{"embeddable":true,"href":"https:\/\/robertopla.net\/blog\/wp-json\/wp\/v2\/users\/1"}],"replies":[{"embeddable":true,"href":"https:\/\/robertopla.net\/blog\/wp-json\/wp\/v2\/comments?post=2212"}],"version-history":[{"count":2,"href":"https:\/\/robertopla.net\/blog\/wp-json\/wp\/v2\/posts\/2212\/revisions"}],"predecessor-version":[{"id":4990,"href":"https:\/\/robertopla.net\/blog\/wp-json\/wp\/v2\/posts\/2212\/revisions\/4990"}],"wp:attachment":[{"href":"https:\/\/robertopla.net\/blog\/wp-json\/wp\/v2\/media?parent=2212"}],"wp:term":[{"taxonomy":"category","embeddable":true,"href":"https:\/\/robertopla.net\/blog\/wp-json\/wp\/v2\/categories?post=2212"},{"taxonomy":"post_tag","embeddable":true,"href":"https:\/\/robertopla.net\/blog\/wp-json\/wp\/v2\/tags?post=2212"}],"curies":[{"name":"wp","href":"https:\/\/api.w.org\/{rel}","templated":true}]}}