{"id":224,"date":"2007-06-21T11:42:16","date_gmt":"2007-06-21T09:42:16","guid":{"rendered":"http:\/\/robertopla.net\/blog\/ciencia-y-sugerencia.htm"},"modified":"2007-06-21T11:42:16","modified_gmt":"2007-06-21T09:42:16","slug":"ciencia-y-sugerencia","status":"publish","type":"post","link":"https:\/\/robertopla.net\/blog\/ciencia-y-sugerencia.htm","title":{"rendered":"Ciencia y Sugerencia"},"content":{"rendered":"<p><a href=\"http:\/\/www.flickr.com\/photos\/fotero\/577934025\/\" title=\"foto_cys\"><img loading=\"lazy\" decoding=\"async\" src=\"http:\/\/robertopla.net\/blog\/img\/577934025e.jpg\" style=\"border-style: none; float: left; position: relative; left: 0px; padding-right: 10px; padding-bottom: 10px; padding-top: 10px;\" alt=\"Interpretacion\" title=\"Interpretacion\" height=\"461\" width=\"180\" \/><\/a><\/p>\n<p>El 20 de junio en el <a href=\"http:\/\/www.museutecnicaemp.com\/\">Museu de la T\u00e9cnica de L&#8217;Empord\u00e0<\/a> tuvo lugar la presentaci\u00f3n de la exposici\u00f3n &#8216;<a href=\"http:\/\/www.cienciaysugerencia.es\/\">Ciencia y Sugerencia<\/a>&#8216;. La idea consiste en que los poetas y los artistas pl\u00e1sticos, a los que se supone una habilidad especial para comunicar ideas y transmitir sentimientos presenten lo que a ellos les sugieren una serie de im\u00e1genes relacionadas con la ciencia para que el p\u00fablico pueda ver esta desde la perspectiva emocionada que disfruta el cient\u00edfico apasionado por su tarea.<\/p>\n<p>La belleza pl\u00e1stica que tiene por s\u00ed mismas muchas im\u00e1genes obtenidas con el microscopio a costa de mucho trabajo y mucha dificultad es innegable, pero los artistas las usan de materia prima para tejer con ellas una nueva trama de ideas y propuestas. El conjunto no deja indiferente y desde cualquier sensibilidad se puede encontrar una llamada de atenci\u00f3n, un punto de inter\u00e9s, un motivo de reflexi\u00f3n.<\/p>\n<p>Al material motivo de la exposici\u00f3n solo puede achacar, en mi humilde opini\u00f3n, un defecto que en realidad es casi virtud: se echa en falta mucho contenido posible. As\u00ed se lo dije a Marcela Lieblich, progenitora de la idea y coordinadora de los trabajos que la han hecho realidad. Le hablaba yo de la indudable belleza de muchas im\u00e1genes relacionadas con la biolog\u00eda, la medicina o como no, con las matem\u00e1ticas y ella me dijo que era tan cierto eso que en realidad podr\u00eda ser motivo de una o varias m\u00e1s exposiciones pero que ella, siendo especialista en materiales se hab\u00eda volcado y centrado un poco en lo que era <a href=\"http:\/\/www.cenim.csic.es\/\">su especialidad<\/a>. Espero que por tanto alguien recoja esta magn\u00edfica idea de Marcela y haga unas futuras ediciones de Ciencia y Sugerencias dedicadas a las ciencias ausentes en esta &#8211; esperemos &#8211; &#8216;primera&#8217; edici\u00f3n.<\/p>\n<p>Se esperaba en el acto a <a href=\"http:\/\/www.elmundo.es\/encuentros\/invitados\/2003\/02\/620\/index.html\">Luis Alberto de Cuenca<\/a>, fil\u00f3logo y poeta a que sufri\u00f3 un problema de retraso en el vuelo Madrid-Girona de Spanair. Marcela asumi\u00f3 el papel de presentadora, acompa\u00f1ada por el artista <a href=\"http:\/\/www.picassomio.com\/AntonioSantos\/es\/\">Antonio Santos<\/a> y di\u00f3 un interesante repaso al conjunto de las propuestas que se exhiben. Cuando lleg\u00f3 Luis Alberto incorpor\u00f3 con naturalidad al acto present\u00e1ndose y recitando uno de los poemas expuestos , del que es autor.<\/p>\n<p>La inauguraci\u00f3n concluy\u00f3 con un poco de m\u00fasica, &#8216;<em>palabra cantada<\/em>&#8216; -dec\u00eda Juan Jes\u00fas en su carta de invitaci\u00f3n- a cargo de <a href=\"http:\/\/www.elpais.com\/articulo\/educacion\/juglar\/ensena\/literatura\/elpepuedu\/20061211elpepiedu_10\/Tes\">Emiliano Valdeolivas<\/a>, acompa\u00f1ado a la guitarra por Daniel Omar Rodr\u00edguez que tambien es el autor de algunos de los arreglos de las canciones.<\/p>\n<p>A\u00fan no se hab\u00edan acabado las agradables experiencias esa noche. Tras el acto oficial, en el Club de Golf de Torremirona tuvo lugar una cena informal seguida de una tertulia que fue intensamente agradable, enriquecedora y entretenida. As\u00ed se nos hicieron cerca de las dos de la madrugada sin sentir, con m\u00e1s poes\u00eda y m\u00e1s canciones surgidas de la guitarra y la impresionante voz de Emiliano. Sobre esto tengo que decir que yo mismo me sorprend\u00ed encontrando agradables sus canciones, teniendo en cuenta mi habitualmente escasa receptividad musical.<\/p>\n","protected":false},"excerpt":{"rendered":"<p>La idea es que los poetas y artistas pl\u00e1sticos, con una habilidad especial para comunicar ideas y transmitir sentimientos, presenten lo que a ellos les sugieren una serie de im\u00e1genes relacionadas con la ciencia. <a href=\"https:\/\/robertopla.net\/blog\/ciencia-y-sugerencia.htm\">Sigue leyendo <span class=\"meta-nav\">&rarr;<\/span><\/a><\/p>\n","protected":false},"author":1,"featured_media":0,"comment_status":"open","ping_status":"open","sticky":false,"template":"","format":"standard","meta":{"footnotes":""},"categories":[8],"tags":[24,34,63,130,244],"class_list":["post-224","post","type-post","status-publish","format-standard","hentry","category-omblogo","tag-amigos","tag-arte","tag-ciencia","tag-figueres","tag-mte"],"_links":{"self":[{"href":"https:\/\/robertopla.net\/blog\/wp-json\/wp\/v2\/posts\/224","targetHints":{"allow":["GET"]}}],"collection":[{"href":"https:\/\/robertopla.net\/blog\/wp-json\/wp\/v2\/posts"}],"about":[{"href":"https:\/\/robertopla.net\/blog\/wp-json\/wp\/v2\/types\/post"}],"author":[{"embeddable":true,"href":"https:\/\/robertopla.net\/blog\/wp-json\/wp\/v2\/users\/1"}],"replies":[{"embeddable":true,"href":"https:\/\/robertopla.net\/blog\/wp-json\/wp\/v2\/comments?post=224"}],"version-history":[{"count":0,"href":"https:\/\/robertopla.net\/blog\/wp-json\/wp\/v2\/posts\/224\/revisions"}],"wp:attachment":[{"href":"https:\/\/robertopla.net\/blog\/wp-json\/wp\/v2\/media?parent=224"}],"wp:term":[{"taxonomy":"category","embeddable":true,"href":"https:\/\/robertopla.net\/blog\/wp-json\/wp\/v2\/categories?post=224"},{"taxonomy":"post_tag","embeddable":true,"href":"https:\/\/robertopla.net\/blog\/wp-json\/wp\/v2\/tags?post=224"}],"curies":[{"name":"wp","href":"https:\/\/api.w.org\/{rel}","templated":true}]}}