{"id":2342,"date":"2012-02-05T23:47:30","date_gmt":"2012-02-05T22:47:30","guid":{"rendered":"http:\/\/robertopla.net\/blog\/?p=2342"},"modified":"2012-02-05T23:47:30","modified_gmt":"2012-02-05T22:47:30","slug":"frio-frio","status":"publish","type":"post","link":"https:\/\/robertopla.net\/blog\/frio-frio.htm","title":{"rendered":"Fr\u00edo, fr\u00edo"},"content":{"rendered":"<p>El domingo 05\/02\/2012 en Figueres luc\u00eda el sol, no hab\u00eda viento y disfrutamos de una agradable temperatura de 6 grados, pero la noche anterior hel\u00f3 con ganas, como muestra este bloque de hielo de unos diez cent\u00edmetros en el borde, que se form\u00f3 en uno de los cubos que Mercedes usa para recoger agua de lluvia para el riego de las plantas.<\/p>\n<p style=\"text-align:center;\"><a href=\"http:\/\/www.flickr.com\/photos\/fotero\/6828413877\/\"><img decoding=\"async\" src=\"http:\/\/farm8.staticflickr.com\/7019\/6828413877_41fa5ff13c.jpg\" style=\"border:none;width;450px;height:301px;\" alt=\"Hielo\" title=\"Hielo\"><\/a><\/p>\n<p>Los d\u00edas anteriores ha soplado el viento con ganas. Y eso aqu\u00ed en Figueres, es bastante viento. Creo que hac\u00eda tiempo que no ten\u00edamos la sensaci\u00f3n de frio, nos est\u00e1bamos acostumbrando a inviernos moderados y en esta ocasi\u00f3n con la calefacci\u00f3n al m\u00e1ximo y forrados de m\u00e1s capas de ropa de lo habitual, a\u00fan hab\u00eda momentos en que ten\u00edamos fr\u00edo. <\/p>\n","protected":false},"excerpt":{"rendered":"<p>Bloque de hielo de unos diez cent\u00edmetros en el borde, que se form\u00f3 en uno de los cubos del jardin <a href=\"https:\/\/robertopla.net\/blog\/frio-frio.htm\">Sigue leyendo <span class=\"meta-nav\">&rarr;<\/span><\/a><\/p>\n","protected":false},"author":1,"featured_media":0,"comment_status":"open","ping_status":"open","sticky":false,"template":"","format":"standard","meta":{"footnotes":""},"categories":[8],"tags":[57,128,130],"class_list":["post-2342","post","type-post","status-publish","format-standard","hentry","category-omblogo","tag-casa","tag-familia","tag-figueres"],"_links":{"self":[{"href":"https:\/\/robertopla.net\/blog\/wp-json\/wp\/v2\/posts\/2342","targetHints":{"allow":["GET"]}}],"collection":[{"href":"https:\/\/robertopla.net\/blog\/wp-json\/wp\/v2\/posts"}],"about":[{"href":"https:\/\/robertopla.net\/blog\/wp-json\/wp\/v2\/types\/post"}],"author":[{"embeddable":true,"href":"https:\/\/robertopla.net\/blog\/wp-json\/wp\/v2\/users\/1"}],"replies":[{"embeddable":true,"href":"https:\/\/robertopla.net\/blog\/wp-json\/wp\/v2\/comments?post=2342"}],"version-history":[{"count":0,"href":"https:\/\/robertopla.net\/blog\/wp-json\/wp\/v2\/posts\/2342\/revisions"}],"wp:attachment":[{"href":"https:\/\/robertopla.net\/blog\/wp-json\/wp\/v2\/media?parent=2342"}],"wp:term":[{"taxonomy":"category","embeddable":true,"href":"https:\/\/robertopla.net\/blog\/wp-json\/wp\/v2\/categories?post=2342"},{"taxonomy":"post_tag","embeddable":true,"href":"https:\/\/robertopla.net\/blog\/wp-json\/wp\/v2\/tags?post=2342"}],"curies":[{"name":"wp","href":"https:\/\/api.w.org\/{rel}","templated":true}]}}