{"id":2381,"date":"2012-03-07T01:03:50","date_gmt":"2012-03-07T00:03:50","guid":{"rendered":"http:\/\/robertopla.net\/blog\/?p=2381"},"modified":"2012-03-07T01:03:50","modified_gmt":"2012-03-07T00:03:50","slug":"c-212-un-espanol-universal","status":"publish","type":"post","link":"https:\/\/robertopla.net\/blog\/c-212-un-espanol-universal.htm","title":{"rendered":"C-212, un espa\u00f1ol universal"},"content":{"rendered":"<p><a href=\"http:\/\/www.flickr.com\/photos\/fotero\/6808003606\/\"><img decoding=\"async\" src=\"http:\/\/farm8.staticflickr.com\/7181\/6808003606_34c17ffaff_m.jpg\" style=\"border: medium none ; margin: 0px 8px 8px 0px; float: left; width:194px; height:216px;\" alt=\"C-212 un espa\u00f1ol universal\" title=\"C-212 un espa\u00f1ol universal por Fotero, en Flickr\"><\/a><\/p>\n<p> Jos\u00e9 Antonio Mart\u00ednez Cabeza, autor de este libro tiene un <a href=\"http:\/\/www.funaereacv.es\/Conferencias\/contenidos\/agr6\/cont130\/docu\/Jose%20Antonio%20Martinez%20Cabeza.pdf\">curriculum impresionante<\/a> y es autor de muchos otros libros y art\u00edculos, lo cual es solo un dato m\u00e1s para entender que no estamos ante una monograf\u00eda sobre un avi\u00f3n como tantas otras: es un aut\u00e9ntico tratado sobre el Aviocar, el mayor \u00e9xito de nuestra industria aeron\u00e1utica de todos los tiempos.<br \/>\nEditado <a href=\"http:\/\/www.portalcultura.mde.es\/publicaciones\/publicaciones\/Armamento_Material\/publicacion_0037.html\">por el Ministerio de Defensa<\/a>, tiene un precio m\u00f3dico y una calidad de impresi\u00f3n excelente, con numerosas fotograf\u00edas y gr\u00e1ficos o planos que completan los documentados textos. Solo le faltan unas tapas duras para ser un ejemplar de aut\u00e9ntico lujo.<br \/>\nEl \u00abavioncito\u00bb que con nuestra habitual visi\u00f3n negativa de nuestros logros bautizamos como &#8216;Picio&#8217; porque alguien dijo que era &#8216;mas feo que Picio&#8217; ha sido un \u00e9xito de exportaci\u00f3n y un hito importante en nuestra industria y en el Ej\u00e9rcito del Aire, donde ha sido la &#8216;chacha para todo&#8217; del transporte militar.<br \/>\nSegun nos cuenta el autor en el prefacio el <a href=\"http:\/\/es.wikipedia.org\/wiki\/CASA_C-212_Aviocar\">C-212<\/a> naci\u00f3 en una oficina de proyectos de reducidas dimensiones en medio de una limitaciones presupuestarias que le acompa\u00f1aron en toda su historia, pero yo creo que han sido end\u00e9micas en nuestra industria aeron\u00e1utica. A pesar de que mucha gente, incluso de la empresa que lo vio nacer, no confiaban que el nuevo dise\u00f1o fuera a tener otro usuario que nuestro Ej\u00e9rcito del Aire, el Aviocar asombr\u00f3 a propios y extra\u00f1os con unas ventas alrededor del mundo que lo han llevado a contar hoy en d\u00eda con <a href=\"http:\/\/www.airbusmilitary.com\/Tactical\/TactC212.aspx\">92 operadores en 42 pa\u00edses <\/a><br \/>\nAl estar escrito por uno de los protagonistas del proyecto de desarrollo del avi\u00f3n, su lectura resulta amena y nos permita conocer, de primera mano, las interesantes vicisitudes que sigui\u00f3 durante el largo tiempo que dur\u00f3 su concepcion, y fabricacion, desarrollo de variantes, comercializaci\u00f3n&#8230; y todo ello contado con la prosa \u00e1gil de alguien que por su capacidad, probada en numerosas publicaciones, podr\u00edamos decir que es un &#8216;ingeniero de letras&#8217;. En definitiva, un volumen indispensable en la biblioteca de cualquier aerotrastornado.<\/p>\n<ul>\n<li><strong>Titulo:<\/strong> C-212, un espa\u00f1ol universal<\/li>\n<li><strong>Autor:<\/strong> Mart\u00ednez Cabeza, Jos\u00e9 Antonio<\/li>\n<li><strong>Edita:<\/strong> Ministerio de Defensa<\/li>\n<li>Madrid 2011<\/li>\n<li>P\u00e1ginas 462<\/li>\n<li><strong>ISBN:<\/strong> 978-84-9781-632-8<\/li>\n<li><strong>NIPO:<\/strong> 075-11-062-X<\/li>\n<li><strong>Precio:<\/strong> 35 \u20ac<\/li>\n<\/ul>\n<p style=\"text-align:center;font-size:.8em\"><a href=\"http:\/\/www.flickr.com\/photos\/fotero\/409794971\/\" ><img decoding=\"async\" src=\"http:\/\/farm1.staticflickr.com\/179\/409794971_6837233b3b.jpg\" style=\"border:none;width:450px;height:338px\"  alt=\"Mi primera foto de un C-212\" title=\"Mi primera foto de un C-212\"><\/a><br \/>He querido incluir aqui esta vieja foto que he escaneado de la copia en papel porque es probablemente la primera foto que hice de un aviocar en la Base A\u00e9rea de Armilla hacia 1978<\/p>\n","protected":false},"excerpt":{"rendered":"<p>No estamos ante una monograf\u00eda sobre un avi\u00f3n como tantas otras: es un aut\u00e9ntico tratado sobre el Aviocar, el mayor \u00e9xito de nuestra industria aeron\u00e1utica de todos los tiempos.  <a href=\"https:\/\/robertopla.net\/blog\/c-212-un-espanol-universal.htm\">Sigue leyendo <span class=\"meta-nav\">&rarr;<\/span><\/a><\/p>\n","protected":false},"author":1,"featured_media":0,"comment_status":"open","ping_status":"open","sticky":false,"template":"","format":"standard","meta":{"footnotes":""},"categories":[2],"tags":[43,103,166,206],"class_list":["post-2381","post","type-post","status-publish","format-standard","hentry","category-aerotrastorno","tag-aviacion","tag-eda","tag-historia","tag-libro"],"_links":{"self":[{"href":"https:\/\/robertopla.net\/blog\/wp-json\/wp\/v2\/posts\/2381","targetHints":{"allow":["GET"]}}],"collection":[{"href":"https:\/\/robertopla.net\/blog\/wp-json\/wp\/v2\/posts"}],"about":[{"href":"https:\/\/robertopla.net\/blog\/wp-json\/wp\/v2\/types\/post"}],"author":[{"embeddable":true,"href":"https:\/\/robertopla.net\/blog\/wp-json\/wp\/v2\/users\/1"}],"replies":[{"embeddable":true,"href":"https:\/\/robertopla.net\/blog\/wp-json\/wp\/v2\/comments?post=2381"}],"version-history":[{"count":0,"href":"https:\/\/robertopla.net\/blog\/wp-json\/wp\/v2\/posts\/2381\/revisions"}],"wp:attachment":[{"href":"https:\/\/robertopla.net\/blog\/wp-json\/wp\/v2\/media?parent=2381"}],"wp:term":[{"taxonomy":"category","embeddable":true,"href":"https:\/\/robertopla.net\/blog\/wp-json\/wp\/v2\/categories?post=2381"},{"taxonomy":"post_tag","embeddable":true,"href":"https:\/\/robertopla.net\/blog\/wp-json\/wp\/v2\/tags?post=2381"}],"curies":[{"name":"wp","href":"https:\/\/api.w.org\/{rel}","templated":true}]}}