{"id":2383,"date":"2012-03-05T23:53:36","date_gmt":"2012-03-05T22:53:36","guid":{"rendered":"http:\/\/robertopla.net\/blog\/?p=2383"},"modified":"2012-03-05T23:53:36","modified_gmt":"2012-03-05T22:53:36","slug":"micro-camara-de-video","status":"publish","type":"post","link":"https:\/\/robertopla.net\/blog\/micro-camara-de-video.htm","title":{"rendered":"Micro c\u00e1mara de video"},"content":{"rendered":"<p>A trav\u00e9s de mi amigo Rogelio, gran aficionado al aeromodelismo y pionero en cuestiones como los aeromodelos a reacci\u00f3n, el vuelo en primera persona y otras lindezas tecnol\u00f3gicas, me fij\u00e9 en una peque\u00f1a c\u00e1mara que viene alojada en un llavero que imita las llaves de un coche.<br \/>\nLa c\u00e1mara no solo es diminuta en tama\u00f1o, sino que se ofrec\u00eda a un precio realmente impresionante en la web de ofertas-chollo &#8216;me quedo uno&#8217;.<br \/>\nComo el precio era bajo, las prestaciones parecian aceptables y ven\u00eda recomendada, me anim\u00e9 a comprar una para diversos experimentos, usarla en la cometa para hacer KAP y lo que posteriormente se me pudiera ocurrir.  <\/p>\n<p style=\"text-align:center;\"><a href=\"http:\/\/www.flickr.com\/photos\/fotero\/6954125131\/\" title=\"Mini Camara por Fotero, en Flickr\"><img decoding=\"async\" src=\"http:\/\/farm8.staticflickr.com\/7063\/6954125131_45c4737f78.jpg\" style=\"border:none;width:450px;height:300px\"  alt=\"Mini Camara\"><\/a><\/p>\n<p>La c\u00e1mara lleg\u00f3 sin m\u00e1s novedad y la puse a cargar. Mientras tanto me entretuve en traducir el &#8216;manual&#8217;, unos textos escasos, incongruentes e impresentables, como suelen ser los de muchos productos &#8216;made in china&#8217;, perpetrados en idiomas europeos con sintaxis irreconocible. Este a\u00f1ad\u00eda la originalidad de estar repartido entre un trocito de papel dentro de la caja y el exterior de la misma.<br \/>\nUna vez transcurridas las diez horas de la primera carga, me dispuse a probar la c\u00e1mara. El primer disgusto me lo llev\u00e9 al insertar la tarjeta micro SD que compr\u00e9 incluida en la oferta.<br \/>\nEl lector est\u00e1 situado sobre la placa de circuito del dispositivo, pero la abertura en el pl\u00e1stico de la carcasa tiene m\u00e1s del doble de anchura que el alojamiento del lector por lo que en el primer intento la tarjeta quedo por encima de este y se col\u00f3 dentro del aparato.<br \/>\nNo me qued\u00f3 otra opci\u00f3n que desmontarlo (rompiendo el sello de garant\u00eda) y sacarla.<br \/>\nCuando puede  hice algunas fotos y grab\u00e9 un corto v\u00eddeo, muy movido y poco significativo, solo para comprobar que realmente funcionaba. La c\u00e1mara funcionaba seg\u00fan lo esperado.<br \/>\nAl d\u00eda siguiente me dispuse a hacer una prueba m\u00e1s exhaustiva. Grab\u00e9 un v\u00eddeo haciendo un recorrido por casa y algunas fotos en el sal\u00f3n.<br \/>\nAunque la iluminaci\u00f3n no era abundante me llam\u00f3 la atenci\u00f3n la escas\u00edsima calidad de la imagen que presentaba un aspecto como si se tratase de imagenes JPG excesivamente comprimidas, muy pixeladas y el video con unas lineas que se desplazaban horizontalmente.<br \/>\nComo no quer\u00eda subir el video de mi casa a Youtube, pens\u00e9 en hacer una prueba. Me grabar\u00eda a mi mismo diciendo unas palabras sobre la prueba de la c\u00e1mara con tres c\u00e1maras al tiempo: la Panasonic Lumix TZ7, una webcam Logitech y la nueva c\u00e1mara en miniatura. Luego montar\u00eda las im\u00e1genes y los cambios de una c\u00e1mara a otra mostrar\u00edan la calidad relativa de cada una. Hice la grabaci\u00f3n, pero la c\u00e1mara miniatura no funcion\u00f3. Me sorprend\u00ed y cuando trat\u00e9 de ponerla en marcha, tampoco respondi\u00f3. Pens\u00e9 que no era posible que se hubiera descargado la bater\u00eda, porque solo la hab\u00eda usado segundos, a lo sumo dos o tres minutos despu\u00e9s de estar cargada.<br \/>\nRecord\u00e9 que en las instrucciones hablaba de &#8216;bloqueo&#8217; y que en caso de producirse hab\u00eda que resetear la c\u00e1mara, cosa que hice sin el menor resultado.<br \/>\nLlegados a este punto tendr\u00eda que haberme hecho una foto para futuro divertimento, porque la cara de haba que se me qued\u00f3 deb\u00eda ser de museo de los horrores. Sin creer que fuera a solucionar nada, desmont\u00e9 de nuevo la c\u00e1mara. Aparentemente todo estaba en su sitio y no hab\u00eda ning\u00fan cable desconectado ni nada parecido.<\/p>\n<p style=\"text-align:center;\"><a href=\"http:\/\/www.flickr.com\/photos\/fotero\/6808014984\/\"><img decoding=\"async\" src=\"http:\/\/farm8.staticflickr.com\/7062\/6808014984_69da3a2821.jpg\" style=\"border:none;width:450px;height:300px\"  alt=\"Mini Camara\" title=\"Mini Camara\"><\/a><\/p>\n<p>Y esa era la breve historia de una promete<\/strong>dora pero poco \u00fatil c\u00e1mara de v\u00eddeo en miniatura. Era barata, pero las pocas y deplorables fotos que hab\u00eda hecho con ella me hab\u00edan salido car\u00edsimas. Consult\u00e9 con Rogelio si sab\u00eda cual era la ra\u00edz, o mejor, la soluci\u00f3n del problema y lo que me dijo me dej\u00f3 de piedra.<br \/>\nSeg\u00fan Rogelio, que tiene varias de estas c\u00e1maras el periodo de carga, que el manual cifra en ocho o diez horas no es m\u00e1s de unos quince o veinte minutos. Es decir diagn\u00f3tico de mi problema exceso de carga. \u00bfY la soluci\u00f3n?. Bueno, no estoy seguro, pero yo he dejado descansar la c\u00e1mara un d\u00eda y luego parec\u00eda que quer\u00eda encenderse y se volv\u00eda a apagar. Finalmente la he vuelto a cargar, los veinte minutos aconsejados y ha vuelto a funcionar.<br \/>\nOtro tema destacable es que el led que lleva como display, no funciona como dice en el manual. En realidad cuando se est\u00e1 cargando parpadea y cuando est\u00e1 cargada se queda encendida fija.<br \/>\nY aqu\u00ed una peque\u00f1a muestra de como son las fotos comparadas con la <a href=\"http:\/\/robertopla.net\/blog\/como-elegimos-la-panasonic-lumix-tz7.htm\">Lumix TZ7<\/a> y la <a href=\"http:\/\/www.quesabesde.com\/camaras-digitales\/camaras\/canon-eos-450d,3625.html\">Canon EOS 450D<\/a>. <\/p>\n<p style=\"text-align:center;\"><a href=\"http:\/\/www.flickr.com\/photos\/fotero\/6954184913\/\"><img decoding=\"async\" src=\"http:\/\/farm8.staticflickr.com\/7184\/6954184913_9c120970ec_m.jpg\" style=\"border:none;width:120px;height:80px\" alt=\"Lumix TZ7\" title=\"Lumix TZ7\"><\/a>&nbsp;<a href=\"http:\/\/www.flickr.com\/photos\/fotero\/6954185587\/\"><img decoding=\"async\" src=\"http:\/\/farm8.staticflickr.com\/7057\/6954185587_e4bcb8ca83_m.jpg\" style=\"border:none;width:120px;height:96px\" alt=\"Camara Llavero\" title=\"Camara Llavero\"><\/a>&nbsp;<a href=\"http:\/\/www.flickr.com\/photos\/fotero\/6808071678\/\"><img decoding=\"async\" src=\"http:\/\/farm8.staticflickr.com\/7064\/6808071678_be52f1f872_m.jpg\" style=\"border:none;width:120px;height:80px\" alt=\"Canon EOS 450D\" title=\"Canon EOS 450D\"><\/a><\/p>\n","protected":false},"excerpt":{"rendered":"<p>C\u00e1mara de v\u00eddeo en miniatura que parece un llavero para las llaves del coche. <a href=\"https:\/\/robertopla.net\/blog\/micro-camara-de-video.htm\">Sigue leyendo <span class=\"meta-nav\">&rarr;<\/span><\/a><\/p>\n","protected":false},"author":1,"featured_media":0,"comment_status":"open","ping_status":"open","sticky":false,"template":"","format":"standard","meta":{"footnotes":""},"categories":[4],"tags":[55,77,138,326,359],"class_list":["post-2383","post","type-post","status-publish","format-standard","hentry","category-frikilandia","tag-camara","tag-compras","tag-fotografia","tag-tecnologia","tag-video"],"_links":{"self":[{"href":"https:\/\/robertopla.net\/blog\/wp-json\/wp\/v2\/posts\/2383","targetHints":{"allow":["GET"]}}],"collection":[{"href":"https:\/\/robertopla.net\/blog\/wp-json\/wp\/v2\/posts"}],"about":[{"href":"https:\/\/robertopla.net\/blog\/wp-json\/wp\/v2\/types\/post"}],"author":[{"embeddable":true,"href":"https:\/\/robertopla.net\/blog\/wp-json\/wp\/v2\/users\/1"}],"replies":[{"embeddable":true,"href":"https:\/\/robertopla.net\/blog\/wp-json\/wp\/v2\/comments?post=2383"}],"version-history":[{"count":0,"href":"https:\/\/robertopla.net\/blog\/wp-json\/wp\/v2\/posts\/2383\/revisions"}],"wp:attachment":[{"href":"https:\/\/robertopla.net\/blog\/wp-json\/wp\/v2\/media?parent=2383"}],"wp:term":[{"taxonomy":"category","embeddable":true,"href":"https:\/\/robertopla.net\/blog\/wp-json\/wp\/v2\/categories?post=2383"},{"taxonomy":"post_tag","embeddable":true,"href":"https:\/\/robertopla.net\/blog\/wp-json\/wp\/v2\/tags?post=2383"}],"curies":[{"name":"wp","href":"https:\/\/api.w.org\/{rel}","templated":true}]}}