{"id":2440,"date":"2012-03-13T10:24:35","date_gmt":"2012-03-13T09:24:35","guid":{"rendered":"http:\/\/robertopla.net\/blog\/?p=2440"},"modified":"2021-03-12T00:52:32","modified_gmt":"2021-03-11T23:52:32","slug":"jacinto-y-gloria","status":"publish","type":"post","link":"https:\/\/robertopla.net\/blog\/jacinto-y-gloria.htm","title":{"rendered":"Jacinto y Gloria"},"content":{"rendered":"<p>Jacinto y Gloria son los padres de Mercedes, y <a href=\"http:\/\/robertopla.net\/blog\/me-falta-el-aire.htm\">Mercedes<\/a> es mi esposa, por lo que Jacinto y Gloria son los abuelos de mis hijos y obviamente, mis suegros.<br \/>\nLa verdad es que yo no entiendo muy bien la connotaci\u00f3n negativa que se le da t\u00edpicamente a este parentesco.<br \/>\nCuando \u00e9ramos novios yo estaba desplazado de mi casa, y Jacinto y Gloria, como toda la familia de Mercedes, me acogieron como uno m\u00e1s.<br \/>\nResulta extra\u00f1o verse en medio de una familia que no es la tuya, con otras rutinas, otras formas de hacer las cosas,&#8230; quiz\u00e1s haya quien en esa situaci\u00f3n encuentre motivo de fricci\u00f3n.<br \/>\nPara mi nunca ha sido as\u00ed, mucho m\u00e1s all\u00e1 de la prudencia que te lleva a no discutir con aquellos que quiere -y quieren- a la persona que tu amas y con la que compartes tu vida.<br \/>\nPero es que siempre me lo han puesto muy f\u00e1cil, y el tiempo de la educaci\u00f3n y el respeto di\u00f3 paso enseguida al del sincero cari\u00f1o y a una nueva extensi\u00f3n del concepto \u00abfamilia\u00bb.<br \/>\nEste fin de semana se celebraron las bodas de oro de Jacinto y Gloria. 50 a\u00f1os es un hito importante, una de esas ocasiones familiares en las que hay que hacer lo posible y casi lo imposible por estar, porque solo la familia al completo les da su dimensi\u00f3n total. Y all\u00ed estuvimos.<br \/>\n<iframe loading=\"lazy\" title=\"vimeo-player\" src=\"https:\/\/player.vimeo.com\/video\/38134290\" width=\"576\" height=\"461\" frameborder=\"0\" allowfullscreen=\"allowfullscreen\"><\/iframe><br \/>\nMercedes llevaba meses \u00ab<em>conspirando<\/em>\u00bb con sus hermanos, pensando en como sorprender a sus padres. Despu\u00e9s de alg\u00fan proyecto que incluia video, m\u00fasica y montajes m\u00e1s complejos se decidieron a recopilar las fotos de la historia familiar.<br \/>\nLa colecci\u00f3n de Fotos se coordin\u00f3 por tel\u00e9fono y primero a trav\u00e9s de <a href=\"https:\/\/www.dropbox.com\/\">Dropbox<\/a> y cuando el espacio de este se mostr\u00f3 insuficiente, mediante <a href=\"https:\/\/www.sugarsync.com\/\">SugarSync<\/a> que funciona de forma similar pero ofrece <a href=\"http:\/\/www.sugarsync.com\/sync_comparison.html\">m\u00e1s espacio<\/a> en las cuentas gratuitas.<br \/>\nTodas estas fotos hab\u00eda que montarlas en una presentacion y buscando que estuviera accesible desde cualquier medio (Ordenador, TV, etc,&#8230;) decidimos hacer un video. Para montarlo eleg\u00ed <a href=\"http:\/\/www.magix.com\/es\/photostory-on-cd-dvd\/\">MAGIX Fotos en CD &amp; DVD<\/a> un software que puede descargarse y usarse de forma gratuita durante un mes y que result\u00f3 ser algo complicado de manejar sin leerse el manual al principio, pero con el que acab\u00e9 familiariz\u00e1ndome y que cuenta con un gran n\u00famero de prestaciones. Una l\u00e1stima que no tenga versi\u00f3n para Linux. Su precio de venta es de 39,99 \u20ac o de 69,99 \u20ac seg\u00fan versi\u00f3n, algo bastante accesible si se va a usar con frecuencia. Por fin y despu\u00e9s de negociar arduamente la reduccion de fotos, el video acabado alcanz\u00f3 una duraci\u00f3n de unos 10 minutos. Pensando en la familia, lo hemos subido a Vimeo. A los interesados les gust\u00f3 y fue un granito de arena m\u00e1s en un d\u00eda estupendo.<br \/>\nJacinto dice que para el 75 aniversario nos invitar\u00e1 a celebrarlo en el Caribe. Espero que podamos ir todos.<\/p>\n","protected":false},"excerpt":{"rendered":"<p>Este fin de semana se celebraron las bodas de oro de Jacinto y Gloria. 50 a\u00f1os es un hito importante&#8230; <a href=\"https:\/\/robertopla.net\/blog\/jacinto-y-gloria.htm\">Sigue leyendo <span class=\"meta-nav\">&rarr;<\/span><\/a><\/p>\n","protected":false},"author":1,"featured_media":0,"comment_status":"open","ping_status":"open","sticky":false,"template":"","format":"standard","meta":{"footnotes":""},"categories":[8],"tags":[128,138,166,233,246,359,361],"class_list":["post-2440","post","type-post","status-publish","format-standard","hentry","category-omblogo","tag-familia","tag-fotografia","tag-historia","tag-mercedes","tag-murcia","tag-video","tag-vimeo"],"_links":{"self":[{"href":"https:\/\/robertopla.net\/blog\/wp-json\/wp\/v2\/posts\/2440","targetHints":{"allow":["GET"]}}],"collection":[{"href":"https:\/\/robertopla.net\/blog\/wp-json\/wp\/v2\/posts"}],"about":[{"href":"https:\/\/robertopla.net\/blog\/wp-json\/wp\/v2\/types\/post"}],"author":[{"embeddable":true,"href":"https:\/\/robertopla.net\/blog\/wp-json\/wp\/v2\/users\/1"}],"replies":[{"embeddable":true,"href":"https:\/\/robertopla.net\/blog\/wp-json\/wp\/v2\/comments?post=2440"}],"version-history":[{"count":2,"href":"https:\/\/robertopla.net\/blog\/wp-json\/wp\/v2\/posts\/2440\/revisions"}],"predecessor-version":[{"id":4620,"href":"https:\/\/robertopla.net\/blog\/wp-json\/wp\/v2\/posts\/2440\/revisions\/4620"}],"wp:attachment":[{"href":"https:\/\/robertopla.net\/blog\/wp-json\/wp\/v2\/media?parent=2440"}],"wp:term":[{"taxonomy":"category","embeddable":true,"href":"https:\/\/robertopla.net\/blog\/wp-json\/wp\/v2\/categories?post=2440"},{"taxonomy":"post_tag","embeddable":true,"href":"https:\/\/robertopla.net\/blog\/wp-json\/wp\/v2\/tags?post=2440"}],"curies":[{"name":"wp","href":"https:\/\/api.w.org\/{rel}","templated":true}]}}