{"id":2749,"date":"2012-09-02T02:23:55","date_gmt":"2012-09-02T00:23:55","guid":{"rendered":"http:\/\/robertopla.net\/blog\/?p=2749"},"modified":"2015-09-13T13:32:29","modified_gmt":"2015-09-13T11:32:29","slug":"vacaciones-en-cataluna","status":"publish","type":"post","link":"https:\/\/robertopla.net\/blog\/vacaciones-en-cataluna.htm","title":{"rendered":"Vacaciones en Catalu\u00f1a"},"content":{"rendered":"<p>Este video me ha llegado a trav\u00e9s de Twitter, o quiz\u00e1s de alguna otra red social. Se trata un v\u00eddeo sobre las vacaciones de su autor, rodado con una Gopro y una habilidad excepcional. Me ha gustado muchisimo, adem\u00e1s de estar rodado mayoritariamente en el Ampurd\u00e1n, por lo que est\u00e1 lleno de sitios muy familiares (\u00a1incluso se ve el Pani!)<br \/>\nAl verlo y teniendo en cuenta mi experiencia  pienso en el trabajazo de edici\u00f3n de video que conlleva. Me gustar\u00eda hacer m\u00e1s videos, pero \u00a1son tantas horas de edici\u00f3n!, recorta, pega, titula&#8230;.<br \/>\nBueno, como debido a estos inconvenientes, yo no he hecho video de mis vacaciones,  espero que este os guste.<\/p>\n<p style=\"text-align:center;\"><iframe loading=\"lazy\" src=\"https:\/\/player.vimeo.com\/video\/48240542?title=0&#038;byline=0&#038;portrait=0\" width=\"600\" height=\"337\" frameborder=\"0\" webkitallowfullscreen mozallowfullscreen allowfullscreen><\/iframe><\/p>\n<p><strong>Nota 04\/10\/2012 :<\/strong> Este verano he estado bastante desconectado y he navegado poco. Hoy, visitando la secci\u00f3n de Fotograf\u00eda de mis admirados Microsiervos veo que <a href=\"http:\/\/www.microsiervos.com\/archivo\/fotografia\/catalonia-por-fky.html\">publicaron este v\u00eddeo el 28 de agosto<\/a>. Debi\u00f3 llegarme con los titulares que recibo por correo aunque no lo recordase cuando escrib\u00ed mi entrada. En cualquier caso est\u00e1 claro que le fuente son ellos, as\u00ed que como nobleza obliga, tengo que citarlos como tales. <\/p>\n","protected":false},"excerpt":{"rendered":"<p>Este video me ha llegado a trav\u00e9s de Twitter, o quiz\u00e1s de alguna otra red social. Se trata un video sobre las vacaciones de su autor. <a href=\"https:\/\/robertopla.net\/blog\/vacaciones-en-cataluna.htm\">Sigue leyendo <span class=\"meta-nav\">&rarr;<\/span><\/a><\/p>\n","protected":false},"author":1,"featured_media":0,"comment_status":"open","ping_status":"open","sticky":false,"template":"","format":"standard","meta":{"footnotes":""},"categories":[3],"tags":[60,351,359,361],"class_list":["post-2749","post","type-post","status-publish","format-standard","hentry","category-fotografia-2","tag-catalunya","tag-vacaciones","tag-video","tag-vimeo"],"_links":{"self":[{"href":"https:\/\/robertopla.net\/blog\/wp-json\/wp\/v2\/posts\/2749","targetHints":{"allow":["GET"]}}],"collection":[{"href":"https:\/\/robertopla.net\/blog\/wp-json\/wp\/v2\/posts"}],"about":[{"href":"https:\/\/robertopla.net\/blog\/wp-json\/wp\/v2\/types\/post"}],"author":[{"embeddable":true,"href":"https:\/\/robertopla.net\/blog\/wp-json\/wp\/v2\/users\/1"}],"replies":[{"embeddable":true,"href":"https:\/\/robertopla.net\/blog\/wp-json\/wp\/v2\/comments?post=2749"}],"version-history":[{"count":2,"href":"https:\/\/robertopla.net\/blog\/wp-json\/wp\/v2\/posts\/2749\/revisions"}],"predecessor-version":[{"id":3772,"href":"https:\/\/robertopla.net\/blog\/wp-json\/wp\/v2\/posts\/2749\/revisions\/3772"}],"wp:attachment":[{"href":"https:\/\/robertopla.net\/blog\/wp-json\/wp\/v2\/media?parent=2749"}],"wp:term":[{"taxonomy":"category","embeddable":true,"href":"https:\/\/robertopla.net\/blog\/wp-json\/wp\/v2\/categories?post=2749"},{"taxonomy":"post_tag","embeddable":true,"href":"https:\/\/robertopla.net\/blog\/wp-json\/wp\/v2\/tags?post=2749"}],"curies":[{"name":"wp","href":"https:\/\/api.w.org\/{rel}","templated":true}]}}