{"id":3104,"date":"2012-11-13T14:12:20","date_gmt":"2012-11-13T13:12:20","guid":{"rendered":"http:\/\/robertopla.net\/blog\/?p=3104"},"modified":"2012-11-13T14:12:20","modified_gmt":"2012-11-13T13:12:20","slug":"tocant-el-cel","status":"publish","type":"post","link":"https:\/\/robertopla.net\/blog\/tocant-el-cel.htm","title":{"rendered":"Tocant el Cel"},"content":{"rendered":"<p><a href=\"http:\/\/www.flickr.com\/photos\/fotero\/8181939679\/\" ><img decoding=\"async\" src=\"http:\/\/farm9.staticflickr.com\/8202\/8181939679_71db157608_m.jpg\" style=\"border: medium none ; margin: 0px 8px 4px 0px; width:173px; height:240px; float: left;\" alt=\"Tocant el cel\" title=\"Tocant el cel\"><\/a>Per presentar aquest llibre haig de comen\u00e7ar dient que es tracta del llibre d&#8217;un autor for\u00e7a agosarat. Aix\u00ed ha de ser per atrevir-se a emprendre la tasca d\u2019escriure un llibre d&#8217;hist\u00f2ria aeron\u00e0utica amb la refer\u00e8ncia d&#8217;un espai tan petit com l&#8217;empordan\u00e8s. Pot ser que, tant s&#8217;ha dit d\u2019aquestes contrades, que nom\u00e9s quedava la possibilitat de sorprendre que parlant-hi d&#8217;avions i aviadors?.<br \/>\nB\u00e9, no \u00e9s el cas. En David es un autor agosarat perqu\u00e8 arriba a publicar aquest llibre perseguint un somni. Tindre l&#8217;atreviment de perseguir els somnis \u00e9s la qualitat principal de la joventut. Perqu\u00e8, independentment de l&#8217;edat cronol\u00f2gica, som joves mentre mantenim aquesta actitud de descobriment i esperan\u00e7a.<br \/>\nJo he tingut la sort de ser un espectador del creixement f\u00edsic i intel\u00b7lectual del David fins aquest moment de maduresa i joventut en el qual arriba a la publicaci\u00f3 del seu primer llibre.<br \/>\nCom a company de feina i amic del seu pare, conec al David fa molts anys i he vist como ha desenvolupat en paral\u00b7lel les seves grans passions per l&#8217;aviaci\u00f3 i per la hist\u00f2ria.<br \/>\nVa triar formar-se com historiador a la universitat i al mateix temps va aprofitar totes les oportunitats per fer-se pilot privat sense perdre gaire de vista per aire o per terra la seva estimada Figueres. Quan a la universitat va haver de triar temes per els seus treballs, sempre va tindre com a objectiu rescatar de l&#8217;oblit els fets aeron\u00e0utics de la nostra terra: els primers vols a les fires de la Santa Creu de 1912, la creaci\u00f3 del Aeron\u00e0utic Club Empordan\u00e8s de la m\u00e0 d&#8217;en Josep Canudas i l&#8217;epopeia de l&#8217;aviador figuerenc Joaqu\u00edn Collar.<br \/>\nVa ser aqu\u00ed quan v\u00e0rem comen\u00e7ar a tindre una relaci\u00f3 mes directa, perqu\u00e8, coneixent la meva afici\u00f3 per aquestes mat\u00e8ries primer va venir a demanar ajut, per\u00f2 ben aviat el que m\u00e9s feia era honorar-me demanant la meva opini\u00f3 fent-me part\u00edcip dels seus avan\u00e7os.<br \/>\nLa molt modesta participaci\u00f3 que vaig tindre en els seus primers passos per aquest cam\u00ed, em va oferir la satisfacci\u00f3 de veure com avan\u00e7ava amb pas segur, amb les millors virtuts que pot gaudir un historiador: rigorositat, tenacitat, i poca por a la feina.<br \/>\nAquestes s\u00f3n les raons per les quals podeu confiar que tot i sent l&#8217;obra d&#8217;un autor jove, aquest llibre \u00e9s tamb\u00e9 l&#8217;obra d&#8217;un historiador madur i bon coneixedor del tema que tracta, que us far\u00e0 veure una part de la nostra hist\u00f2ria amb la emoci\u00f3 d&#8217;una novel\u00b7la d&#8217;aventures.<br \/>\nEl fil conductor del llibre \u00e9s molt m\u00e9s que una hist\u00f2ria de l\u2019aviaci\u00f3 en el marc geogr\u00e0fic del nostre ben amat Empord\u00e0, \u00e9s una hist\u00f2ria de l\u2019aviaci\u00f3 empordanesa, que reflecteix el tarann\u00e0 emprenedor i avantguardista que sempre hem fet gala.<br \/>\nEl llibre cobreix un per\u00edode que va dels festivals aeris de les fires i festes de la Santa Creu -dels primers que es van fer a tota Espanya- fins a la pr\u00e0ctica del vol al camp del Manol pels membres de l&#8217;Aeron\u00e0utic Club Empordan\u00e8s i un rigor\u00f3s an\u00e0lisi de la biografia de Joaqu\u00edn Collar que permet aportar noves dades al perfil de l&#8217;heroi del punt de vista m\u00e9s proper, aquest de la seva fam\u00edlia i la seva ciutat, que sempre va portar en el seu cor a les operacions militars al Marroc, als destins llunyans i tranquils a l&#8217;\u00c0frica i en la travessa de l&#8217;Atl\u00e0ntic que el portaria a la fama i la llegenda.<br \/>\nFarem aquest cam\u00ed amb els protagonistes, de la m\u00e0 de les dades que el treball constant, minuci\u00f3s i implacable d&#8217;en David ens porta, rescatades dels arxius i fonts originals, a les p\u00e0gines d&#8217;aquest llibre, tot convertint-lo en un llibre d&#8217;hist\u00f2ria, per\u00f2 tamb\u00e9 en una hist\u00f2ria apassionant.<\/p>\n","protected":false},"excerpt":{"rendered":"<p>Presentaci\u00f3 del llibre de David Garcia Algilaga sobre la historia aeron\u00e0utica empordanesa. <a href=\"https:\/\/robertopla.net\/blog\/tocant-el-cel.htm\">Sigue leyendo <span class=\"meta-nav\">&rarr;<\/span><\/a><\/p>\n","protected":false},"author":1,"featured_media":0,"comment_status":"open","ping_status":"open","sticky":false,"template":"","format":"standard","meta":{"footnotes":""},"categories":[7],"tags":[21,24,43,106,130,166,206],"class_list":["post-3104","post","type-post","status-publish","format-standard","hentry","category-libros","tag-aerotrastorno-2","tag-amigos","tag-aviacion","tag-emporda","tag-figueres","tag-historia","tag-libro"],"_links":{"self":[{"href":"https:\/\/robertopla.net\/blog\/wp-json\/wp\/v2\/posts\/3104","targetHints":{"allow":["GET"]}}],"collection":[{"href":"https:\/\/robertopla.net\/blog\/wp-json\/wp\/v2\/posts"}],"about":[{"href":"https:\/\/robertopla.net\/blog\/wp-json\/wp\/v2\/types\/post"}],"author":[{"embeddable":true,"href":"https:\/\/robertopla.net\/blog\/wp-json\/wp\/v2\/users\/1"}],"replies":[{"embeddable":true,"href":"https:\/\/robertopla.net\/blog\/wp-json\/wp\/v2\/comments?post=3104"}],"version-history":[{"count":0,"href":"https:\/\/robertopla.net\/blog\/wp-json\/wp\/v2\/posts\/3104\/revisions"}],"wp:attachment":[{"href":"https:\/\/robertopla.net\/blog\/wp-json\/wp\/v2\/media?parent=3104"}],"wp:term":[{"taxonomy":"category","embeddable":true,"href":"https:\/\/robertopla.net\/blog\/wp-json\/wp\/v2\/categories?post=3104"},{"taxonomy":"post_tag","embeddable":true,"href":"https:\/\/robertopla.net\/blog\/wp-json\/wp\/v2\/tags?post=3104"}],"curies":[{"name":"wp","href":"https:\/\/api.w.org\/{rel}","templated":true}]}}