{"id":3110,"date":"2012-11-14T07:40:33","date_gmt":"2012-11-14T06:40:33","guid":{"rendered":"http:\/\/robertopla.net\/blog\/?p=3110"},"modified":"2012-11-14T07:40:33","modified_gmt":"2012-11-14T06:40:33","slug":"la-clase-de-cuarto","status":"publish","type":"post","link":"https:\/\/robertopla.net\/blog\/la-clase-de-cuarto.htm","title":{"rendered":"La clase de cuarto"},"content":{"rendered":"<p>Estaba pensando en el profesor que nos daba geograf\u00eda en primer curso de bachiller y no recordaba su nombre. Entonces pens\u00e9 que el <a href=\"http:\/\/www.cepiscopal.org\/\">Colegio Episcopal de Lleida<\/a>, donde estudiaba, tendr\u00eda hoy sin duda alguna, una p\u00e1gina web donde quiz\u00e1s podr\u00eda consultar ese dato.<br \/>\nCuando encontr\u00e9 la p\u00e1gina del colegio vi que ten\u00eda una <a href=\"http:\/\/www.cepiscopal.org\/exalumnes\/exalumnes_01.php\">asociaci\u00f3n de antiguos alumnos<\/a> y una <a href=\"http:\/\/www.cepiscopal.org\/exalumnes\/fotos.php\">galer\u00eda de fotos<\/a>. Las fotos no parecen pertenecer al archivo del colegio, al menos las m\u00e1s antiguas, sino que parecen haber sido aportadas por antiguos alumnos.<br \/>\nYo ingres\u00e9 en el colegio con seis a\u00f1os. Proced\u00eda del <a href=\"http:\/\/www.cstanna.org\/\">colegio de Santa Ana<\/a>, un colegio de monjas para ni\u00f1as donde solo en parvulario hab\u00eda tambi\u00e9n ni\u00f1os, en clases separadas, por supuesto. Me incorpor\u00e9 a la clase de segundo curso, con el Sr. Rueda un chico joven y muy moderno, al que recuerdo con un impresionante tup\u00e9 muy a la moda de aquellos a\u00f1os sesenta.<br \/>\nEn la clase de cuarto, nuestro profesor era el Sr. Angel Mir\u00f3. En la galer\u00eda de fotos encontr\u00e9 la <a href=\"http:\/\/www.cepiscopal.org\/exalumnes\/col_d.php?recordID=106\">foto de cuarto de primaria, \u00abgrupo A\u00bb<\/a> que nos hicieron aquel a\u00f1o de 1968. y que es esta:<\/p>\n<p style=\"text-align:center;\"><a href=\"http:\/\/www.flickr.com\/photos\/fotero\/8172641467\/\"><img decoding=\"async\" src=\"http:\/\/farm9.staticflickr.com\/8342\/8172641467_58b32ea246.jpg\" style=\"border:none;width:450px;height:267px\" alt=\"Curso 67-68\" title=\"Curso 67-68\"><\/a><\/p>\n<p>Me qued\u00e9 sorprendido. Empec\u00e9 a recordar los nombres de algunos de los ni\u00f1os que reconoc\u00eda en la foto, antiguos compa\u00f1eros de clase. Yo dej\u00e9 aquel colegio a los 11 a\u00f1os para ir un a\u00f1o interno y despu\u00e9s segu\u00ed los estudios en el \u00abInstituto Masculino\u00bb de L\u00e9rida, de forma que aunque luego tuve contacto con algunos de ellos, a la mayor\u00eda hace unos 32 a\u00f1os que no les he visto. Como soy muy poco dotado para recordar caras y nombres, me cost\u00f3 mucho empezar a recordar nombres.<br \/>\nInmediatamente vi en primera fila a Machetti. Con \u00e9l y su hermano compartimos muchos a\u00f1os de amistad y al fn y al cabo solo hac\u00eda unos 15 a\u00f1os que nos hab\u00edamos visto varias veces en Zaragoza, ya que era oficial de complemento del Ej\u00e9rcito del Aire y m\u00e9dico dentista en la Policl\u00ednica de Aviaci\u00f3n, donde yo pasaba los reconocimientos m\u00e9dicos anuales.<br \/>\nAl lado del profesor reconoc\u00ed a Salda\u00f1a, con quien hac\u00edamos juntos el camino de vuelta a casa hasta que \u00e9l se quedaba en el taller donde su padre trabajaba de planchista. A Valverde, el muchacho con par\u00e1lisis en una pierna que no sal\u00eda al patio y al que frecuentemente acompa\u00f1\u00e1bamos en el recreo con Juan Morros y Sales, a los que tambi\u00e9n reconoc\u00ed en la foto.<br \/>\nPor supuesto reconoc\u00ed a Javier Mercad\u00e9 con el que tambi\u00e9n hab\u00eda coincidido en Santa Ana y cuyas hermanas iban a clase con la m\u00eda. M\u00e1s tarde \u00e9l ingresar\u00eda en la Academia General Militar y compartir\u00edamos profesi\u00f3n.<br \/>\nLos Hermanos Maci\u00e1 cuyos padres ten\u00edan una panader\u00eda en la <a href=\"http:\/\/goo.gl\/maps\/QpPJE\">plaza de la Ereta<\/a> que luego pasaron a regentar ellos, y otros de los que recordaba el apellido sin m\u00e1s detalles.<br \/>\nCuriosamente hab\u00eda otros para los que intu\u00eda un apellido pero no estaba completamente seguro, as\u00ed que pens\u00e9 en buscar ayuda y a traves de la red no me ha sido dif\u00edcil encontrar a tres o cuatro. Con alguno ha sido tan f\u00e1cil como introducir su nombre y dos apellidos en la red, otros los he encontrado a trav\u00e9s de Facebook y otros espero a\u00fan su respuesta, pero estoy decidido a poner nombre a todas las caras de la foto.<br \/>\nSobre el nombre del profesor que estaba buscando, me dirig\u00ed por correo a la directora del colegio que amablemente me ha contestado diciendo que est\u00e1n haciendo las averiguaciones pertinentes para ver si pueden contestarme.<\/p>\n","protected":false},"excerpt":{"rendered":"<p>Estaba pensando en el profesor que nos daba geograf\u00eda en primer curso de bachiller y no recordaba su nombre. Entonces pens\u00e9 que el Colegio Episcopal de Lleida, donde estudiaba, tendr\u00eda hoy, sin duda alguna, una p\u00e1gina web donde quiz\u00e1s podr\u00eda consultar ese dato. <a href=\"https:\/\/robertopla.net\/blog\/la-clase-de-cuarto.htm\">Sigue leyendo <span class=\"meta-nav\">&rarr;<\/span><\/a><\/p>\n","protected":false},"author":1,"featured_media":0,"comment_status":"open","ping_status":"open","sticky":false,"template":"","format":"standard","meta":{"footnotes":""},"categories":[8],"tags":[24,104,138,166,212,275],"class_list":["post-3110","post","type-post","status-publish","format-standard","hentry","category-omblogo","tag-amigos","tag-educacion","tag-fotografia","tag-historia","tag-lleida","tag-personal"],"_links":{"self":[{"href":"https:\/\/robertopla.net\/blog\/wp-json\/wp\/v2\/posts\/3110","targetHints":{"allow":["GET"]}}],"collection":[{"href":"https:\/\/robertopla.net\/blog\/wp-json\/wp\/v2\/posts"}],"about":[{"href":"https:\/\/robertopla.net\/blog\/wp-json\/wp\/v2\/types\/post"}],"author":[{"embeddable":true,"href":"https:\/\/robertopla.net\/blog\/wp-json\/wp\/v2\/users\/1"}],"replies":[{"embeddable":true,"href":"https:\/\/robertopla.net\/blog\/wp-json\/wp\/v2\/comments?post=3110"}],"version-history":[{"count":0,"href":"https:\/\/robertopla.net\/blog\/wp-json\/wp\/v2\/posts\/3110\/revisions"}],"wp:attachment":[{"href":"https:\/\/robertopla.net\/blog\/wp-json\/wp\/v2\/media?parent=3110"}],"wp:term":[{"taxonomy":"category","embeddable":true,"href":"https:\/\/robertopla.net\/blog\/wp-json\/wp\/v2\/categories?post=3110"},{"taxonomy":"post_tag","embeddable":true,"href":"https:\/\/robertopla.net\/blog\/wp-json\/wp\/v2\/tags?post=3110"}],"curies":[{"name":"wp","href":"https:\/\/api.w.org\/{rel}","templated":true}]}}