{"id":324,"date":"2008-01-06T21:59:20","date_gmt":"2008-01-06T19:59:20","guid":{"rendered":"http:\/\/robertopla.net\/blog\/el-conde-duque-en-nueva-york.htm"},"modified":"2024-12-08T19:04:18","modified_gmt":"2024-12-08T18:04:18","slug":"el-conde-duque-en-nueva-york","status":"publish","type":"post","link":"https:\/\/robertopla.net\/blog\/el-conde-duque-en-nueva-york.htm","title":{"rendered":"El Conde-Duque en Nueva York"},"content":{"rendered":"<p>Dicen que la educaci\u00f3n es aquello que queda cuando se ha olvidado todo lo que hemos aprendido. De nuestros a\u00f1os de colegio nos quedan un sinf\u00edn de conocimientos que ni tan siquiera suponemos que est\u00e1n ah\u00ed, simplemente afloran en el momento necesario.<\/p>\n<p>Sin embargo entre la red de millones de conexiones de neuronas en nuestro cerebro queda retazos de informaci\u00f3n incompletos o err\u00f3neamente relacionados que llegan al consciente por el mismo mecanismo que hace aflorar los datos correctamente almacenados.<\/p>\n<p>Estas confusiones, o errores memorizados, o errores de recuperaci\u00f3n son un proceso interesante porque nuestra visi\u00f3n subjetiva es la de estar convencidos de que sabemos algo con seguridad y defender\u00edamos tan apasionadamente ese postulado falso como la verdad del Teorema de Pit\u00e1goras.<\/p>\n<p>Cuando una evidencia nos muestra la verdad, nos sentimos vulnerables como los ni\u00f1os que \u00e9ramos cuando fijamos aquel error.<\/p>\n<p>Viajar nos pone continuamente ante evidencias de conocimientos que solo hab\u00edamos adquirido a trav\u00e9s de los libros, la televisi\u00f3n o el relato de amigos, profesores o familiares. Viajar es interesante porque proporciona experiencia y conocimiento y nos muestra que parte tan insignificante somos del universo y cuantas cosas a\u00fan ignoramos. Viajar es interesante porque con la experiencia siempre viene un poco de sabidur\u00eda.<\/p>\n<p>Pero volviendo al tema sobre el que quer\u00eda escribir, quer\u00eda contar la peque\u00f1a historia de uno de esos errores de almacenamiento.<\/p>\n<p><a href=\"http:\/\/www.flickr.com\/photos\/fotero\/2167644212\/\"><img loading=\"lazy\" decoding=\"async\" style=\"border-style: none; float: left; position: relative; left: 0px; padding-right: 10px; padding-bottom: 10px; padding-top: 10px;\" title=\"El cuadro del MET\" src=\"http:\/\/farm3.static.flickr.com\/2187\/2167644212_7bf7f96ddf_m.jpg\" alt=\"El cuadro del MET\" width=\"179\" height=\"240\" \/><\/a>Este verano mientras paseaba por <a href=\"https:\/\/es.wikipedia.org\/wiki\/Museo_Metropolitano_de_Arte\">el <abbr title=\"Metropolitan Museum of Art\">Met<\/abbr> en Nueva York<\/a> me qued\u00e9 sorprendido al ver un cuadro colgado en la sala de pintores espa\u00f1oles y reconocer a su protagonista. Don Gaspar de Guzm\u00e1n y Pimentel naci\u00f3 tal dia como hoy hace 421 a\u00f1os y es recordado como el <a href=\"http:\/\/es.wikipedia.org\/wiki\/Conde-Duque_de_Olivares\">Conde-Duque de Olivares<\/a>, v\u00e1lido del Rey Felipe IV y una figura notable en la historia de Espa\u00f1a de la que sorprende, como dice <a href=\"https:\/\/es.wikipedia.org\/wiki\/Gregorio_Mara%C3%B1%C3%B3n\">Gregorio Mara\u00f1on<\/a> en su biograf\u00eda, no los grandes odios que concit\u00f3 en su \u00e9poca sino que estos hayan perdurado a trav\u00e9s de los siglos. Quiz\u00e1s la frase que m\u00e1s lo define es la que el propio Mara\u00f1on usa como subtitulo de su biograf\u00eda: \u00ab<em>La pasi\u00f3n de mandar<\/em>\u00ab.<\/p>\n<p>Pues este era el caballero que subido en su caballo encabritado -el caballo- me miraba por encima del hombro en una sala del museo neoyorquino. \u00ab\u00a1Cielos! -pens\u00e9- est\u00e1 aqu\u00ed!\u00bb. Yo \u00abhabr\u00eda jurado\u00bb que hab\u00eda visto aquel cuadro cientos de veces en libros de texto y en l\u00e1minas y nunca pens\u00e9 que estuviera en Nueva York. Son tantos los retazos de la cultura espa\u00f1ola y europea que pueden admirarse en el Metropolitan que asum\u00ed que as\u00ed era y que aquel cuadro de Vel\u00e1zquez ser\u00eda uno m\u00e1s de tantos trozos de cultura espa\u00f1ola diseminada por el mundo.<\/p>\n<p>Si antes de viajar podemos disfrutar de la preparaci\u00f3n del viaje, al regresar tenemos las fotos y los recuerdos para ordenar. A mi me gusta disfrutar tambi\u00e9n de esa parte y por eso aun estoy <a href=\"http:\/\/www.flickr.com\/photos\/fotero\/sets\/72157601731603075\/\">subiendo fotos a Flickr<\/a>, casi cuatro meses despu\u00e9s de volver del viaje y voy solo por el tercer o cuarto d\u00eda de fotos. Cada una lleva un trabajo de recuerdo y tambi\u00e9n de documentaci\u00f3n. Mientras busco informaci\u00f3n sobre un cuadro, un edificio o un paraje revivo las experiencias, disfruto de nuevo de su descubrimiento y aumento el placer obtenido con el conocimiento que queda fijado como nunca lo hizo en las aulas.<\/p>\n<p>Cuando le lleg\u00f3 el turno de subir a Flickr a las fotos del Met eleg\u00ed la del Conde-Duque y al buscar informaci\u00f3n para documentarla me llev\u00e9 una soberana sorpresa: \u00a1el caballo era de otro color!. Efectivamente la confusi\u00f3n consist\u00eda en que no se trata del mismo cuadro, aunque realmente, son muy parecidos el que yo recordaba de los libros es <a href=\"http:\/\/es.wikipedia.org\/wiki\/El_Conde_duque_de_Olivares_a_caballo\">el que est\u00e1 expuesto en el Prado<\/a>, de unas dimensiones enormes.<\/p>\n<p>El que yo vi en Nueva York es otro cuya historia <a href=\"https:\/\/www.metmuseum.org\/art\/collection\/search\/437868\">podemos leer en la base de datos<\/a> del propio Metropolitan en internet. Pintado tambi\u00e9n por <a href=\"http:\/\/es.wikipedia.org\/wiki\/Vel%C3%A1zquez\">Diego Rodr\u00edguez de Silva y Vel\u00e1zquez<\/a> hab\u00eda sido atribuido err\u00f3neamente a <a href=\"http:\/\/es.wikipedia.org\/wiki\/Juan_Bautista_Mart%C3%ADnez_del_Mazo\">Juan Bautista Mart\u00ednez del Mazo<\/a>, su yerno y socio. Este cuadro es aproximadamente la cuarta parte en superficie del que se expone en <a href=\"http:\/\/museoprado.mcu.es\/\">El Prado<\/a>.<\/p>\n<p><strong>Nota: Editado el 08\/12\/2024<\/strong> para cambiar el enlace a la base de datos del MET<\/p>\n<p>&nbsp;<\/p>\n","protected":false},"excerpt":{"rendered":"<p>Hab\u00eda visto aquel cuadro cientos de veces en libros de texto y en l\u00e1minas y nunca pens\u00e9 que estuviera en Nueva York. <a href=\"https:\/\/robertopla.net\/blog\/el-conde-duque-en-nueva-york.htm\">Sigue leyendo <span class=\"meta-nav\">&rarr;<\/span><\/a><\/p>\n","protected":false},"author":1,"featured_media":0,"comment_status":"open","ping_status":"open","sticky":false,"template":"","format":"standard","meta":{"footnotes":""},"categories":[10],"tags":[471,166,247,577,397,357],"class_list":["post-324","post","type-post","status-publish","format-standard","hentry","category-viajes","tag-cuadro","tag-historia","tag-museo","tag-nueva-york","tag-pintura","tag-viaje"],"_links":{"self":[{"href":"https:\/\/robertopla.net\/blog\/wp-json\/wp\/v2\/posts\/324","targetHints":{"allow":["GET"]}}],"collection":[{"href":"https:\/\/robertopla.net\/blog\/wp-json\/wp\/v2\/posts"}],"about":[{"href":"https:\/\/robertopla.net\/blog\/wp-json\/wp\/v2\/types\/post"}],"author":[{"embeddable":true,"href":"https:\/\/robertopla.net\/blog\/wp-json\/wp\/v2\/users\/1"}],"replies":[{"embeddable":true,"href":"https:\/\/robertopla.net\/blog\/wp-json\/wp\/v2\/comments?post=324"}],"version-history":[{"count":3,"href":"https:\/\/robertopla.net\/blog\/wp-json\/wp\/v2\/posts\/324\/revisions"}],"predecessor-version":[{"id":5393,"href":"https:\/\/robertopla.net\/blog\/wp-json\/wp\/v2\/posts\/324\/revisions\/5393"}],"wp:attachment":[{"href":"https:\/\/robertopla.net\/blog\/wp-json\/wp\/v2\/media?parent=324"}],"wp:term":[{"taxonomy":"category","embeddable":true,"href":"https:\/\/robertopla.net\/blog\/wp-json\/wp\/v2\/categories?post=324"},{"taxonomy":"post_tag","embeddable":true,"href":"https:\/\/robertopla.net\/blog\/wp-json\/wp\/v2\/tags?post=324"}],"curies":[{"name":"wp","href":"https:\/\/api.w.org\/{rel}","templated":true}]}}