{"id":3304,"date":"2013-03-13T02:43:34","date_gmt":"2013-03-13T01:43:34","guid":{"rendered":"http:\/\/robertopla.net\/blog\/?p=3304"},"modified":"2015-03-24T23:05:17","modified_gmt":"2015-03-24T22:05:17","slug":"en-portada","status":"publish","type":"post","link":"https:\/\/robertopla.net\/blog\/en-portada.htm","title":{"rendered":"En portada"},"content":{"rendered":"<p>No quer\u00eda escribir dos art\u00edculos seguidos sobre el mismo tema, pero la verdad es que <a href=\"http:\/\/www.flickr.com\/photos\/fotero\/sets\/72157632788690403\/\">estoy dibujando mucho<\/a> y tambi\u00e9n <a href=\"http:\/\/www.flickr.com\/groups\/portraitparty\/discuss\/72157632789014629\/\">me est\u00e1n haciendo muchos retratos<\/a> en el <a href=\"http:\/\/www.flickr.com\/groups\/portraitparty\/\">grupo de Julia Kay<\/a> en Flickr.<br \/>\nUno de los \u00faltimos es un cuadro al oleo de 13&#215;15 pulgadas pintado por <a href=\"http:\/\/www.flickr.com\/photos\/mariahoneill\/\">Mariah<\/a> que va a ser, durante una semana, la portada del magazine cultural electr\u00f3nico \u00ab<a href=\"http:\/\/downtownlalife.com\/\">Down Town LA Life<\/a>\u00bb una revista cultural online que dice estar \u00ab<em>Sirviendo a m\u00e1s de 5 millones de personas mensuales en el Gran centro y el sur de California, y millones internacionalmente<\/em>\u00ab. Bueno , el caso es que mi geta est\u00e1 ah\u00ed en la portada gracias al esplendido cuadro de Mariah, que hab\u00eda realizado antes una <a href=\"http:\/\/www.flickr.com\/photos\/mariahoneill\/8507357971\/\">primera versi\u00f3n a l\u00e1piz<\/a>, que tambi\u00e9n puede verse en el grupo de Flickr &#8216;Julia Kay Portrait Party&#8217;.<\/p>\n<p style=\"text-align: center;\"><a href=\"http:\/\/robertopla.net\/blog\/img\/downtownlalife.png\"><img decoding=\"async\" class=\"aligncenter size-full wp-image-3305\" style=\"border: none; width: 450px; height: 414px;\" title=\"downtownlalife.com\" src=\"http:\/\/robertopla.net\/blog\/img\/downtownlalife.png\" alt=\"\" \/><\/a><\/p>\n<p>Resulta sumamente interesante ver todos los estilos diferentes de los artistas del grupo unos tan sencillos y otros tan elaborados, pero todos llenos de creatividad. Otro de los elementos caracter\u00edsticos del grupo y que me ha sorprendido gratamente es el intenso componente social del grupo. La gente no se limita a dibujar y &#8216;exponer&#8217; su obra son que visita la de los otros, opina, valora, apoya. Resulta muy gratificante y es una de las principales causas de que lleve un par de semanas que no suelto los l\u00e1pices.<\/p>\n","protected":false},"excerpt":{"rendered":"<p>Mi retrato realizado por la artista Mariah ser\u00e1 portada de un magazine cultural online estadounidense durante una semana. Evidntemente, por sus m\u00e9ritos, no por los m\u00edos. <a href=\"https:\/\/robertopla.net\/blog\/en-portada.htm\">Sigue leyendo <span class=\"meta-nav\">&rarr;<\/span><\/a><\/p>\n","protected":false},"author":1,"featured_media":0,"comment_status":"open","ping_status":"open","sticky":false,"template":"","format":"standard","meta":{"footnotes":""},"categories":[383],"tags":[34,396,384,397,385],"class_list":["post-3304","post","type-post","status-publish","format-standard","hentry","category-dibujo","tag-arte","tag-cultura","tag-jkpp","tag-pintura","tag-retrato"],"_links":{"self":[{"href":"https:\/\/robertopla.net\/blog\/wp-json\/wp\/v2\/posts\/3304","targetHints":{"allow":["GET"]}}],"collection":[{"href":"https:\/\/robertopla.net\/blog\/wp-json\/wp\/v2\/posts"}],"about":[{"href":"https:\/\/robertopla.net\/blog\/wp-json\/wp\/v2\/types\/post"}],"author":[{"embeddable":true,"href":"https:\/\/robertopla.net\/blog\/wp-json\/wp\/v2\/users\/1"}],"replies":[{"embeddable":true,"href":"https:\/\/robertopla.net\/blog\/wp-json\/wp\/v2\/comments?post=3304"}],"version-history":[{"count":1,"href":"https:\/\/robertopla.net\/blog\/wp-json\/wp\/v2\/posts\/3304\/revisions"}],"predecessor-version":[{"id":3661,"href":"https:\/\/robertopla.net\/blog\/wp-json\/wp\/v2\/posts\/3304\/revisions\/3661"}],"wp:attachment":[{"href":"https:\/\/robertopla.net\/blog\/wp-json\/wp\/v2\/media?parent=3304"}],"wp:term":[{"taxonomy":"category","embeddable":true,"href":"https:\/\/robertopla.net\/blog\/wp-json\/wp\/v2\/categories?post=3304"},{"taxonomy":"post_tag","embeddable":true,"href":"https:\/\/robertopla.net\/blog\/wp-json\/wp\/v2\/tags?post=3304"}],"curies":[{"name":"wp","href":"https:\/\/api.w.org\/{rel}","templated":true}]}}