{"id":3316,"date":"2013-03-20T20:53:04","date_gmt":"2013-03-20T19:53:04","guid":{"rendered":"http:\/\/robertopla.net\/blog\/?p=3316"},"modified":"2015-04-29T12:39:45","modified_gmt":"2015-04-29T10:39:45","slug":"agusti-vehi","status":"publish","type":"post","link":"https:\/\/robertopla.net\/blog\/agusti-vehi.htm","title":{"rendered":"Agust\u00ed Vehi"},"content":{"rendered":"<p>Esto es una necrolog\u00eda. B\u00e1sicamente un art\u00edculo sobre una persona recientemente fallecida, pero tambi\u00e9n un intento de encontrar en las palabras el consuelo ante la desagradable sorpresa de la muerte y ante la idea de que alguien a quien aprecias, ya no est\u00e1 vivo, ya no podr\u00e1 o\u00edr tus palabras, ya no te alegrar\u00e1 un momento con sus frases amables o su sonrisa, ya no te ilustrar\u00e1 con sus conocimientos. <\/p>\n<p style=\"text-align:center;\"><a href=\"http:\/\/www.flickr.com\/photos\/fotero\/8574771403\/\"><img decoding=\"async\" src=\"http:\/\/farm9.staticflickr.com\/8250\/8574771403_9f98a73263.jpg\" style=\"border:none;width:450px;height:450px\" alt=\"Agusti Vehi\"  title=\"Agusti Vehi\"><\/a><\/p>\n<p>Agust\u00ed era muchas cosas. En <a href=\"http:\/\/www.lavanguardia.com\/libros\/20130320\/54369441853\/fallece-agusti-vehi.html\">la prensa<\/a> han salido art\u00edculos que hablan de \u00e9l como Subinspector de la Guardia Urbana de Figueres, como Doctor en Historia por la UAB, escritor de novela negra,&#8230;no he visto escrito que hab\u00eda sido suboficial de aviaci\u00f3n, especialista en autom\u00f3viles y que estuvo destinado en el EVA-1 en Inoges, que coleccionaba discos de vinilo <strong>[1]<\/strong>, &#8230;hay muchas cosas que se han dicho, y otras que no se han dicho, pero es poco probable que consigan definir a Agust\u00ed, porque era una de esas personas tan complejas y a la vez tan sencillas que abusando del t\u00f3pico dir\u00e9 que faltan las palabras.<br \/>\nPara mi era una persona amable, siempre atento, siempre dispuesto a escuchar con el que coincid\u00edamos en muchos puntos de vista y temas, como el inter\u00e9s la historia. Puedo decir que he recibido mil atenciones y gestos amables por su parte y siento el peso de una deuda que su partida abrupta me va a impedir intentar saldar. Por que soy consciente de por muchos esfuerzos que hubiera hecho por mi parte, \u00e9l me habr\u00eda llevado siempre ventaja en amabilidad, en deferencia, en sabidur\u00eda.<br \/>\nComo polic\u00eda y funcionario siempre entendi\u00f3 el ejercicio de su cargo como un servicio, hacia la ciudad, pero sobre todo hacia los ciudadanos. Creo que se podr\u00eda decir que le interesaba m\u00e1s mejorar que progresar. Su calidad humana y su talla intelectual, ennoblec\u00eda al cuerpo al que pertenec\u00eda y a Figueres, que ma\u00f1ana va a despedirlo en un acto civil en el Teatre Jard\u00ed. Seguro que somos muchos los que acudiremos, entristecidos por la p\u00e9rdida de un hombre bueno. Le despediremos, pero no le olvidaremos.<br \/>\nAdeu, Agust\u00ed.<br \/>\n<strong>[1] Nota (29\/04\/2015): <\/strong>Hace un tiempo un amigo com\u00fan me corrigi\u00f3 un dato de este art\u00edculo. Agust\u00ed <strong>no coleccionaba vinilos<\/strong>. Yo lo cre\u00eda as\u00ed porque cuando coincid\u00edamos en la feria de las antiguedaes, por las fiestas de Figueres, el buscaba y repasaba los discos que hab\u00eda por alli, pero no era para \u00e9l sino para advertir a este comun amigo, que era quien los coleccionaba, igual que a mi me advert\u00eda si ve\u00eda agun libro antiguo que pensase que me pod\u00eda interesar. As\u00ed era Agust\u00ed, siempre pensando en los amigos.  <\/p>\n","protected":false},"excerpt":{"rendered":"<p>Nota sobre el fallecimiento de Agust\u00ed Vehi, Subinspector de la Guardia Urbana de Figueres, amigo y una gran persona. <a href=\"https:\/\/robertopla.net\/blog\/agusti-vehi.htm\">Sigue leyendo <span class=\"meta-nav\">&rarr;<\/span><\/a><\/p>\n","protected":false},"author":1,"featured_media":0,"comment_status":"open","ping_status":"open","sticky":false,"template":"","format":"standard","meta":{"footnotes":""},"categories":[5],"tags":[],"class_list":["post-3316","post","type-post","status-publish","format-standard","hentry","category-fugaces"],"_links":{"self":[{"href":"https:\/\/robertopla.net\/blog\/wp-json\/wp\/v2\/posts\/3316","targetHints":{"allow":["GET"]}}],"collection":[{"href":"https:\/\/robertopla.net\/blog\/wp-json\/wp\/v2\/posts"}],"about":[{"href":"https:\/\/robertopla.net\/blog\/wp-json\/wp\/v2\/types\/post"}],"author":[{"embeddable":true,"href":"https:\/\/robertopla.net\/blog\/wp-json\/wp\/v2\/users\/1"}],"replies":[{"embeddable":true,"href":"https:\/\/robertopla.net\/blog\/wp-json\/wp\/v2\/comments?post=3316"}],"version-history":[{"count":2,"href":"https:\/\/robertopla.net\/blog\/wp-json\/wp\/v2\/posts\/3316\/revisions"}],"predecessor-version":[{"id":3712,"href":"https:\/\/robertopla.net\/blog\/wp-json\/wp\/v2\/posts\/3316\/revisions\/3712"}],"wp:attachment":[{"href":"https:\/\/robertopla.net\/blog\/wp-json\/wp\/v2\/media?parent=3316"}],"wp:term":[{"taxonomy":"category","embeddable":true,"href":"https:\/\/robertopla.net\/blog\/wp-json\/wp\/v2\/categories?post=3316"},{"taxonomy":"post_tag","embeddable":true,"href":"https:\/\/robertopla.net\/blog\/wp-json\/wp\/v2\/tags?post=3316"}],"curies":[{"name":"wp","href":"https:\/\/api.w.org\/{rel}","templated":true}]}}