{"id":3435,"date":"2013-12-30T14:36:49","date_gmt":"2013-12-30T13:36:49","guid":{"rendered":"http:\/\/robertopla.net\/blog\/?p=3435"},"modified":"2015-03-24T22:38:42","modified_gmt":"2015-03-24T21:38:42","slug":"los-dibujos-del-verano","status":"publish","type":"post","link":"https:\/\/robertopla.net\/blog\/los-dibujos-del-verano.htm","title":{"rendered":"Los dibujos del verano"},"content":{"rendered":"<p>La actividad en el blog qued\u00f3 pr\u00e1cticamente paralizada este verano. Sin embargo algunas ideas quedaron anotadas, otras, como este articulo ha estado escrito bastante tiempo a falta de la colocaci\u00f3n adecuada de las numerosas im\u00e1genes.<br \/>\nSe trata de una muestra de mi febril actividad dibujando este verano, durante las vacaciones en Bueu. Dibuj\u00e9 y disfrut\u00e9 mucho. Puntualizo que he dicho haber disfrutado bastante dibujando, no que me hayan salido bien.<\/p>\n<p>Todos los dibujos est\u00e1n basados en un boceto a l\u00e1piz hecho &#8216;in situ&#8217; y pintado en casa con l\u00e1pices acuarelables, acuarelas y hasta rotuladores. He hecho un esfuerzo grande por no &#8216;pasarme&#8217; en la cantidad de color en los retoques, en fin, para evitar, como dec\u00eda Mar\u00eda, una usuaria de Flickr miembro de JKPP, las \u00ab<em>guarrarelas<\/em>\u00ab, pero me ha resultado muy dif\u00edcil encontrar los colores que quer\u00eda y extender capas uniformes de color (donde quer\u00eda que fueran uniformes). Y sobre todo, como nos sucede frecuentemente a los novatos en la t\u00e9cnica de la acuarela, me ha sido dif\u00edcil encontrar el momento de parar, de conformarme con la sencillez de la insinuaci\u00f3n de una mancha de color.<br \/>\nDe todas formas como dicen que \u00abcon verg\u00fcenza ni se come ni se merienda ni se almuerza\u00bb y yo la perd\u00ed hace tiempo, he colgado mis dibujos en Flickr. Y este es un comentario de los que hice durante aquellos quince d\u00edas en Galicia.<br \/>\nEl \u00faltimo, la biblioteca de Bueu es el m\u00e1s simple en cuanto a estilo, solo lleva acuarelas y alguna linea con l\u00e1piz.<\/p>\n<p style=\"text-align: center;\"><a href=\"http:\/\/www.flickr.com\/photos\/fotero\/9412302804\/\"><img decoding=\"async\" style=\"border: none; width: 500px; height: 316px;\" title=\"Biblioteca de Bueu\" src=\"http:\/\/farm6.staticflickr.com\/5486\/9412302804_279b8dc5c1.jpg\" alt=\"Biblioteca de Bueu\" \/><\/a><\/p>\n<p>El sal\u00f3n de casa de mi hija lo ten\u00eda hecho a l\u00e1piz y lo he pintado con l\u00e1pices acuarelables y rotuladores y a\u00f1adido lineas de tinta.<\/p>\n<p style=\"text-align: center;\"><a href=\"http:\/\/www.flickr.com\/photos\/fotero\/9392886400\/\"><img decoding=\"async\" style=\"border: none; width: 500px; height: 317px;\" title=\"Sal\u00f3n\" src=\"http:\/\/farm6.staticflickr.com\/5323\/9392886400_44416d3f00.jpg\" alt=\"Sal\u00f3n\" \/><\/a><\/p>\n<p>De la iglesia de Beluso hice una foto cuando solo era un boceto coloreado con l\u00e1pices acuarelables y acuarelas en pastillas:<\/p>\n<p style=\"text-align: center;\"><a href=\"http:\/\/www.flickr.com\/photos\/fotero\/9380872198\/\"><img decoding=\"async\" style=\"border: none; width: 500px; height: 331px;\" title=\"Solo pintura\" src=\"http:\/\/farm8.staticflickr.com\/7447\/9380872198_f57e22c993.jpg\" alt=\"Solo pintura\" \/><\/a><\/p>\n<p>Y luego con las lineas en tinta.<\/p>\n<p style=\"text-align: center;\"><a href=\"http:\/\/www.flickr.com\/photos\/fotero\/9380873588\/\"><img decoding=\"async\" title=\"Con lineas\" src=\"http:\/\/farm3.staticflickr.com\/2835\/9380873588_ae70e6b38b.jpg\" alt=\"Con lineas\" \/><\/a><\/p>\n<p>Tambi\u00e9n est\u00e1 la foto del momento en que estaba haciendo el boceto, que me hizo mi amada (y paciente) esposa, que permitir\u00e1 a los m\u00e1s observadores apreciar una singular paradoja de mis dibujos.<\/p>\n<p style=\"text-align: center;\"><a href=\"http:\/\/www.flickr.com\/photos\/fotero\/9380872790\/\"><img decoding=\"async\" style=\"border: none; width: 500px; height: 333px;\" title=\"Dibujando\" src=\"http:\/\/farm8.staticflickr.com\/7326\/9380872790_484857c380.jpg\" alt=\"Dibujando\" \/><\/a><\/p>\n<p>En el puerto, esperando la salida a la isla de Ons hice un boceto r\u00e1pido del barco contiguo. Muy r\u00e1pido, porque salimos r\u00e1pido, as\u00ed que se perece poco, pero si no lo has visto \u00bfque m\u00e1s te d\u00e1? . Y por cierto, el barco se llama \u00abEl Pirata de Oms\u00bb no es que yo le haya puesto el calificativo por los precios del billete.<\/p>\n<p style=\"text-align: center;\"><a href=\"http:\/\/www.flickr.com\/photos\/fotero\/9366193605\/\"><img decoding=\"async\" style=\"border: none; width: 500px; height: 436px;\" title=\"Pirata\" src=\"http:\/\/farm6.staticflickr.com\/5475\/9366193605_d2593e0360.jpg\" alt=\"Pirata\" \/><\/a><\/p>\n<p>Ya en el barco nos colocamos detr\u00e1s de la cabina de control, &#8216;el puente&#8217; creo que dicen los marineros y aprovech\u00e9 para dibujarlo.<\/p>\n<p style=\"text-align: center;\"><a href=\"http:\/\/www.flickr.com\/photos\/fotero\/9368973582\/\"><img decoding=\"async\" style=\"border: none; width: 500px; height: 325px;\" title=\"Puente\" src=\"http:\/\/farm6.staticflickr.com\/5449\/9368973582_d9c5d76f74.jpg\" alt=\"Puente\" \/><\/a><\/p>\n<p>En la isla hab\u00eda un faro precioso y no pude resistirme:<\/p>\n<p style=\"text-align: center;\"><a title=\"Faro por Fotero, en Flickr\" href=\"http:\/\/www.flickr.com\/photos\/fotero\/9368974372\/\"><img decoding=\"async\" style=\"border: none; width: 500px; height: 313px;\" src=\"http:\/\/farm3.staticflickr.com\/2814\/9368974372_f6e51e1192.jpg\" alt=\"Faro\" \/><\/a><\/p>\n<p>El faro es mucho m\u00e1s bonito de lo que yo pude reflejar.<br \/>\nPaseando por Combarro nos paramos a tomar una cerveza y una tapa de pulpo y alli hice del \u00abpulpeiro\u00bb el \u00fanico dibujo hecho completo &#8216;in situ&#8217;<\/p>\n<p style=\"text-align: center;\"><a href=\"http:\/\/www.flickr.com\/photos\/fotero\/9347288032\/\"><img decoding=\"async\" style=\"border: none; width: 333px; height: 500px;\" title=\"Pulpeiro\" src=\"http:\/\/farm4.staticflickr.com\/3754\/9347288032_e334199c1c.jpg\" alt=\"Pulpeiro\" \/><\/a><\/p>\n<p>En la plaza de la Le\u00f1a de Pontevedra me habr\u00eda gustado lucirme un poco m\u00e1s, porque el paisaje urbano se lo merec\u00eda. Especialmente el color de las fachadas me supuso una gran frustraci\u00f3n.<\/p>\n<p style=\"text-align: center;\"><a href=\"http:\/\/www.flickr.com\/photos\/fotero\/9347219084\/\"><img decoding=\"async\" style=\"border: none; width: 500px; height: 313px;\" title=\"Plaza de la Le\u00f1a\" src=\"http:\/\/farm8.staticflickr.com\/7359\/9347219084_3a422396c1.jpg\" alt=\"Plaza de la Le\u00f1a\" \/><\/a><\/p>\n<p>Para comparar:<\/p>\n<p style=\"text-align: center;\"><a href=\"http:\/\/www.flickr.com\/photos\/fotero\/9344426673\/\"><img decoding=\"async\" style=\"border: none; width: 500px; height: 233px;\" title=\"Plaza de la le\u00f1a\" src=\"http:\/\/farm8.staticflickr.com\/7380\/9344426673_e32ffdca84.jpg\" alt=\"Plaza de la le\u00f1a\" \/><\/a><\/p>\n<p>Mi hijo dice que hago dibujos &#8216;muy prosaicos&#8217;, pero yo creo que cualquier cosa que tengas a mano te sirve para practicar y en los interiores suele poder hacerse con bastante comodidad y tranquilidad. Esta es la cocina del apartamento donde est\u00e1bamos alojados, pintada con l\u00e1pices acuarelables<\/p>\n<p style=\"text-align: center;\"><a href=\"http:\/\/www.flickr.com\/photos\/fotero\/9328919266\/\"><img decoding=\"async\" style=\"border: none; width: 500px; height: 375px;\" title=\"Cocina\" src=\"http:\/\/farm3.staticflickr.com\/2870\/9328919266_c27b07c55a.jpg\" alt=\"Cocina\" \/><\/a><\/p>\n<p>Los dibujos est\u00e1n aqui listados pr\u00e1cticamente en sentido inverso, as\u00ed que creo que este es el primero que hice en Bueu:<\/p>\n<p style=\"text-align: center;\"><a href=\"http:\/\/www.flickr.com\/photos\/fotero\/9318483397\/\"><img decoding=\"async\" style=\"border: none; width: 352px; height: 500px;\" title=\"Cuaderno\" src=\"http:\/\/farm6.staticflickr.com\/5526\/9318483397_8a1924b899.jpg\" alt=\"Cuaderno\" \/><\/a><\/p>\n<p>La &#8216;digitalizaci\u00f3n&#8217; est\u00e1 hecha a base de fotos de las p\u00e1ginas del cuaderno, y a ello se deben algunas de las &#8216;curvas&#8217; extra\u00f1as de las lineas que deber\u00edan ser rectas. Otras se deben a mi pulso. Para que no quede duda, procurar\u00e9 escanear con un escaner plano los dibujos y sustituir las im\u00e1genes en Flickr.<\/p>\n<p>De casi todos los dibujos (creo que de todos) hice una foto en el momento de la perpetraci\u00f3n, para que luego me sirviera de gu\u00eda de los colores y retoques. Alguno sin embargo los colore\u00e9 de memoria y como resultado el esquema de sombras y luces sali\u00f3 al rev\u00e9s, que es el caso de la iglesia de Beluso y esa es la paradoja que puede apreciarse al observar la fotograf\u00eda.<\/p>\n","protected":false},"excerpt":{"rendered":"<p>Este verano me he entretenido dibujando los lugares en donde he estado <a href=\"https:\/\/robertopla.net\/blog\/los-dibujos-del-verano.htm\">Sigue leyendo <span class=\"meta-nav\">&rarr;<\/span><\/a><\/p>\n","protected":false},"author":1,"featured_media":0,"comment_status":"open","ping_status":"open","sticky":false,"template":"","format":"standard","meta":{"footnotes":""},"categories":[383],"tags":[389,388,95,387,386,357,390],"class_list":["post-3435","post","type-post","status-publish","format-standard","hentry","category-dibujo","tag-acuarela","tag-bueu","tag-dibujo","tag-galicia","tag-usk","tag-viaje","tag-watercolor"],"_links":{"self":[{"href":"https:\/\/robertopla.net\/blog\/wp-json\/wp\/v2\/posts\/3435","targetHints":{"allow":["GET"]}}],"collection":[{"href":"https:\/\/robertopla.net\/blog\/wp-json\/wp\/v2\/posts"}],"about":[{"href":"https:\/\/robertopla.net\/blog\/wp-json\/wp\/v2\/types\/post"}],"author":[{"embeddable":true,"href":"https:\/\/robertopla.net\/blog\/wp-json\/wp\/v2\/users\/1"}],"replies":[{"embeddable":true,"href":"https:\/\/robertopla.net\/blog\/wp-json\/wp\/v2\/comments?post=3435"}],"version-history":[{"count":2,"href":"https:\/\/robertopla.net\/blog\/wp-json\/wp\/v2\/posts\/3435\/revisions"}],"predecessor-version":[{"id":3651,"href":"https:\/\/robertopla.net\/blog\/wp-json\/wp\/v2\/posts\/3435\/revisions\/3651"}],"wp:attachment":[{"href":"https:\/\/robertopla.net\/blog\/wp-json\/wp\/v2\/media?parent=3435"}],"wp:term":[{"taxonomy":"category","embeddable":true,"href":"https:\/\/robertopla.net\/blog\/wp-json\/wp\/v2\/categories?post=3435"},{"taxonomy":"post_tag","embeddable":true,"href":"https:\/\/robertopla.net\/blog\/wp-json\/wp\/v2\/tags?post=3435"}],"curies":[{"name":"wp","href":"https:\/\/api.w.org\/{rel}","templated":true}]}}