{"id":3440,"date":"2013-09-21T17:18:52","date_gmt":"2013-09-21T15:18:52","guid":{"rendered":"http:\/\/robertopla.net\/blog\/?p=3440"},"modified":"2013-09-21T17:18:52","modified_gmt":"2013-09-21T15:18:52","slug":"carta-por-la-ciencia","status":"publish","type":"post","link":"https:\/\/robertopla.net\/blog\/carta-por-la-ciencia.htm","title":{"rendered":"Carta por la Ciencia"},"content":{"rendered":"<p>Ante la situaci\u00f3n en la que se encuentra la I+D+i en estos momentos en el pa\u00eds y el inminente proceso de elaboraci\u00f3n de los Presupuestos Generales de Investigaci\u00f3n para el a\u00f1o 2014, con un horizonte anunciado de mejora presupuestaria, el colectivo Carta por la Ciencia se ha dirigido esta semana a todos los partidos del arco parlamentario para solicitarles una reuni\u00f3n urgente con el fin de hacerles llegar nuestra visi\u00f3n de las medidas m\u00e1s urgentes e indispensables a adoptar en estos presupuestos con el objetivo de alcanzar unos niveles m\u00ednimos que permitan preservar la competitividad del sector de la I+D tan castigado en los \u00faltimos a\u00f1os.<\/p>\n<p>Las propuestas que esperamos que tanto el gobierno como los partidos pol\u00edticos puedan incorporar a sus iniciativas en torno al pr\u00f3ximo debate de los presupuestos son las siguientes:<\/p>\n<p>1.- Recuperaci\u00f3n de los niveles de financiaci\u00f3n p\u00fablica existentes en 2009, a lo largo de los tres pr\u00f3ximos ejercicios presupuestarios, de forma que nos aproximemos al promedio europeo del 0,6% del PIB de inversi\u00f3n p\u00fablica en I+D en los cap\u00edtulos 1 a 7 (ha ca\u00eddo desde 4.276M \u20ac a 2.267M \u20ac en el periodo indicado), deber\u00edan incrementarse los recursos en 1.909M \u20ac en tres a\u00f1os, lo que supone un incremento anual de 636M \u20ac. De esta forma podr\u00edamos comenzar a recuperar nuestra posici\u00f3n en Europa en cuanto a inversi\u00f3n p\u00fablica en I+D y con ello marcar una senda de futuro para el pa\u00eds.<\/p>\n<p>2.- Eliminaci\u00f3n de los actuales l\u00edmites de la tasa de reposici\u00f3n de empleo p\u00fablico en el sector de I+D, de modo que puedan incorporarse nuevos recursos humanos de acuerdo a las necesidades reales del sistema de I+D+i y a su convergencia con Europa en cient\u00edficos por habitante.<\/p>\n<p>3.- Dotaci\u00f3n de suficientes recursos para el Plan Estatal de Investigaci\u00f3n 2013-2016 de modo que se puedan lanzar y regularizar todas las actuaciones anuales previstas en el mismo cumpliendo los plazos tanto de convocatorias como de resoluci\u00f3n de las mismas y llevando a cabo la inyecci\u00f3n de recursos en el sistema p\u00fablico de investigaci\u00f3n para evitar el colapso de una parte significativa de sus instituciones m\u00e1s emblem\u00e1ticas.<\/p>\n<p>4.- Creaci\u00f3n de la Agencia Estatal de Investigaci\u00f3n dotada de unos presupuestos plurianuales adecuados para poder constituirse como una instituci\u00f3n aut\u00f3noma e independiente.<\/p>\n<p>Carta por la Ciencia ha renovado asimismo la petici\u00f3n de entrevista a la Vicepresidenta del Gobierno, Soraya S\u00e1enz de Santamar\u00eda, remitida tras las manifestaciones celebradas el pasado 14 de junio, en m\u00e1s de 20 ciudades, en la que se ha convertido en la mayor movilizaci\u00f3n en defensa de la investigaci\u00f3n p\u00fablica celebrada en nuestro pa\u00eds y cuyas reivindicaciones no fueron escuchadas por el MINECO. Pensamos que desde su posici\u00f3n como Vicepresidenta Econ\u00f3mica puede y debe coordinar los esfuerzos y las decisiones urgentes que han de tomarse para salvar un sector como el de la I+D, clave para el futuro de nuestro pa\u00eds.<\/p>\n<p>Recibid un cordial saludo,<\/p>\n<p>Colectivo Carta por la Ciencia.<\/p>\n","protected":false},"excerpt":{"rendered":"<p>Ante la situaci\u00f3n en la que se encuentra la I+D+i en estos momentos en el pa\u00eds y el inminente proceso de elaboraci\u00f3n de los Presupuestos Generales de Investigaci\u00f3n para el a\u00f1o 2014 <a href=\"https:\/\/robertopla.net\/blog\/carta-por-la-ciencia.htm\">Sigue leyendo <span class=\"meta-nav\">&rarr;<\/span><\/a><\/p>\n","protected":false},"author":1,"featured_media":0,"comment_status":"open","ping_status":"open","sticky":false,"template":"","format":"standard","meta":{"footnotes":""},"categories":[6],"tags":[],"class_list":["post-3440","post","type-post","status-publish","format-standard","hentry","category-inclasificable"],"_links":{"self":[{"href":"https:\/\/robertopla.net\/blog\/wp-json\/wp\/v2\/posts\/3440","targetHints":{"allow":["GET"]}}],"collection":[{"href":"https:\/\/robertopla.net\/blog\/wp-json\/wp\/v2\/posts"}],"about":[{"href":"https:\/\/robertopla.net\/blog\/wp-json\/wp\/v2\/types\/post"}],"author":[{"embeddable":true,"href":"https:\/\/robertopla.net\/blog\/wp-json\/wp\/v2\/users\/1"}],"replies":[{"embeddable":true,"href":"https:\/\/robertopla.net\/blog\/wp-json\/wp\/v2\/comments?post=3440"}],"version-history":[{"count":0,"href":"https:\/\/robertopla.net\/blog\/wp-json\/wp\/v2\/posts\/3440\/revisions"}],"wp:attachment":[{"href":"https:\/\/robertopla.net\/blog\/wp-json\/wp\/v2\/media?parent=3440"}],"wp:term":[{"taxonomy":"category","embeddable":true,"href":"https:\/\/robertopla.net\/blog\/wp-json\/wp\/v2\/categories?post=3440"},{"taxonomy":"post_tag","embeddable":true,"href":"https:\/\/robertopla.net\/blog\/wp-json\/wp\/v2\/tags?post=3440"}],"curies":[{"name":"wp","href":"https:\/\/api.w.org\/{rel}","templated":true}]}}