{"id":3447,"date":"2013-10-23T12:52:48","date_gmt":"2013-10-23T10:52:48","guid":{"rendered":"http:\/\/robertopla.net\/blog\/?p=3447"},"modified":"2013-10-23T12:52:48","modified_gmt":"2013-10-23T10:52:48","slug":"un-curriculum","status":"publish","type":"post","link":"https:\/\/robertopla.net\/blog\/un-curriculum.htm","title":{"rendered":"Un curriculum"},"content":{"rendered":"<p>Me piden un <a href=\"http:\/\/es.wikipedia.org\/wiki\/Curr\u00edculum_v\u00edtae\">\u00abcurr\u00edculum v\u00edtae\u00bb<\/a> para el programa de una conferencia que tendr\u00e1 lugar dentro de unos meses.<br \/>\nComo siempre que me veo en esta tesitura, me resulta dif\u00edcil redactarlo.<br \/>\nNo voy a recurrir al t\u00f3pico de que \u00abno me gusta escribir sobre mi mismo\u00bb o \u00abno se que decir\u00bb, mi problema es el contrario, me gusta escribir sobre mi y mis experiencias, aunque mi natural modestia y recatada educaci\u00f3n me aconsejan mantener bajo control esos impulsos.<br \/>\nY para resumir, no s\u00e9 que poner. Es obvio que lo que se espera es que incluya exclusivamente los puntos de mi biograf\u00eda que sean relevantes para el asunto que motiva el curr\u00edculum. En este caso se trata de una conferencia sobre las nuevas tecnolog\u00edas de la guerra a\u00e9rea.<br \/>\nPero siempre hay algunas lineas del curr\u00edculum \u00abexaustivo\u00bb &#8211; el que recoge todas nuestras vicisitudes- que nos gusta recordar, de las que nos gusta presumir o que nuestra vanidad nos empuja a incluir.<br \/>\nPor ejemplo que yo haya hecho el curso de paracaidismo le importa un pito al que vaya a o\u00edrme hablar sobre tecnolog\u00eda, pero yo pienso que dentro de mi vida, personal y profesional, es uno de los hitos destacables, porque es una experiencia en la que aprend\u00ed cosas muy importantes.<br \/>\nDando por descontadas las efem\u00e9rides familiares, autenticas bombas de emotividad que alteraron de forma sustancial mi vida, est\u00e1n esas lineas entra\u00f1ables que me recuerdan momentos muy felices, como la participaci\u00f3n en un grupo de teatro aficionado o muy satisfactorias, como los meses que invert\u00ed en aprender a dibujar con carboncillo en el C\u00edrculo de Bellas Artes, actividades de corto recorrido y salvo en su grato recuerdo, se podr\u00eda decir que totalmente irrelevantes.<br \/>\nPero \u00bffueron irrelevantes?. Nada m\u00e1s escribir esto, me vienen a la cabeza una avalancha de vivencias que jam\u00e1s pondr\u00eda en un curr\u00edculum, pero que para mi son hitos que se\u00f1alan momentos importantes de mi vida en los que aprend\u00ed algo que me fue \u00fatil, que me se\u00f1al\u00f3 el camino a seguir y la forma de seguirlo. <\/p>\n<p style=\"text-align:center;\"><a href=\"http:\/\/www.flickr.com\/photos\/desiitaly\/2304874364\/\"><img loading=\"lazy\" decoding=\"async\" src=\"http:\/\/farm3.staticflickr.com\/2372\/2304874364_cd78bd8073.jpg\" width=\"500\" height=\"375\" alt=\"(CC) Curriculum Vitae by Desi via Flickr\" title=\"(CC) Curriculum Vitae by Desi via Flickr\"><\/a><\/p>\n<p>Ascender a mi primer 3000 (el Aneto!) a los 14 a\u00f1os, aprender -con 12 a\u00f1os- a montar en bicicleta con la bicicleta y la ayuda de un buen amigo, dirigir con 16 a\u00f1os la cocina de un campamento de 36 personas. Publicar, por invitaci\u00f3n de mi profesor de Lengua y Literatura, un escrito en el diario con 12 a\u00f1os, actuar como locutor de un programa semanal de radio a los 17, estar un a\u00f1o interno a los 13, mi primer campamento de verano con 7 a\u00f1os, mi primer vuelo -en velero- con 12 a\u00f1os en Alf\u00e9s y el primero solo con 18 en Oca\u00f1a.<br \/>\nEl primer sueldo como obrero en la f\u00e1brica de Cerveza San Miguel, pero sobre todo las jornadas de 10 horas que hice para ganarlo con 17 a\u00f1os mucho m\u00e1s duras que otras experiencias laborables como recolector de fruta o operario de una f\u00e1brica de cajas de madera.<br \/>\nConstruir los primeros aeromodelos en el taller de la OJE a los 9 o 10 a\u00f1os, ver volar (bajo) un cohete, proyectado y construido con inseparables amigos y tripulado por una heroica lagartija a los 11.<br \/>\nMi primer beso a una chica con 15 a\u00f1os, que no fue robado, sino autorizado. Un detalle que yo consider\u00e9 -el de pedirle permiso para darle un beso- imprescindible en un caballero, pero que ella siempre me ech\u00f3 en cara como una falta imperdonable de romanticismo.<br \/>\nY veo que en el desorden de fechas y el torrente de sentimientos han naufragado muchas menciones que se hunden en el proceloso mar de la memoria y otras que flotan tranquilas pero que se saben inconfesables.<br \/>\nTeniendo en cuenta que a\u00fan no he llegado casi a la fecha de mi ingreso en la Academia de San Javier, ni a la mayor\u00eda de edad (que no fue a mis 18, eran otros tiempos&#8230;), est\u00e1 claro que tengo que trabajar m\u00e1s la diferenciaci\u00f3n entre curr\u00edculum y biograf\u00eda.<br \/>\nDe hecho quer\u00eda escribir aqu\u00ed sobre las opciones para redactar un curr\u00edculum y las <a href=\"http:\/\/www.modelocurriculum.net\/\">herramientas online<\/a> que podemos usar para hacerlo, pero casi sin pretenderlo he dado rienda suelta a los sentimientos y ahora que lo tengo escrito no voy a ponerme a escribir otro art\u00edculo tanto m\u00e1s serio como aburrido. Por hoy, espero que este valga y el curr\u00edculum serio lo har\u00e9 m\u00e1s tarde. <\/p>\n","protected":false},"excerpt":{"rendered":"<p>Me piden un \u00abcurr\u00edculum v\u00edtae\u00bb para el programa de una conferencia que tendr\u00e1 lugar dentro de unos meses. Como siempre que me veo en esta tesitura, me resulta dif\u00edcil redactarlo. <a href=\"https:\/\/robertopla.net\/blog\/un-curriculum.htm\">Sigue leyendo <span class=\"meta-nav\">&rarr;<\/span><\/a><\/p>\n","protected":false},"author":1,"featured_media":0,"comment_status":"open","ping_status":"open","sticky":false,"template":"","format":"standard","meta":{"footnotes":""},"categories":[8],"tags":[],"class_list":["post-3447","post","type-post","status-publish","format-standard","hentry","category-omblogo"],"_links":{"self":[{"href":"https:\/\/robertopla.net\/blog\/wp-json\/wp\/v2\/posts\/3447","targetHints":{"allow":["GET"]}}],"collection":[{"href":"https:\/\/robertopla.net\/blog\/wp-json\/wp\/v2\/posts"}],"about":[{"href":"https:\/\/robertopla.net\/blog\/wp-json\/wp\/v2\/types\/post"}],"author":[{"embeddable":true,"href":"https:\/\/robertopla.net\/blog\/wp-json\/wp\/v2\/users\/1"}],"replies":[{"embeddable":true,"href":"https:\/\/robertopla.net\/blog\/wp-json\/wp\/v2\/comments?post=3447"}],"version-history":[{"count":0,"href":"https:\/\/robertopla.net\/blog\/wp-json\/wp\/v2\/posts\/3447\/revisions"}],"wp:attachment":[{"href":"https:\/\/robertopla.net\/blog\/wp-json\/wp\/v2\/media?parent=3447"}],"wp:term":[{"taxonomy":"category","embeddable":true,"href":"https:\/\/robertopla.net\/blog\/wp-json\/wp\/v2\/categories?post=3447"},{"taxonomy":"post_tag","embeddable":true,"href":"https:\/\/robertopla.net\/blog\/wp-json\/wp\/v2\/tags?post=3447"}],"curies":[{"name":"wp","href":"https:\/\/api.w.org\/{rel}","templated":true}]}}