{"id":3529,"date":"2014-04-06T00:09:41","date_gmt":"2014-04-05T22:09:41","guid":{"rendered":"http:\/\/robertopla.net\/blog\/?p=3529"},"modified":"2023-12-31T09:51:05","modified_gmt":"2023-12-31T08:51:05","slug":"balanc-del-temporal-a-la-pelosa","status":"publish","type":"post","link":"https:\/\/robertopla.net\/blog\/balanc-del-temporal-a-la-pelosa.htm","title":{"rendered":"Balan\u00e7 del temporal a la Pelosa"},"content":{"rendered":"<p>Aquesta es una entrada de la p\u00e0gina de Josep Maria Dacosta a Facebook. No s\u00e9 ben b\u00e9 com he comen\u00e7at a escriure un comentari que havia de ser molt breu, com un tuit, per\u00f2-potser perqu\u00e8 est\u00e0vem a Facebook-s&#8217;ha allargat una mica.<br \/>\nNo gaire, no mes una mica: un pensament fuga\u00e7, que no he volgut deixar abandonat a la xarxa social que tan poc m&#8217;agrada i que m&#8217;ha donat una excusa per provar la integraci\u00f3 d&#8217;anotacions del Facebook al bloc.<\/p>\n<p>Com que veig que nom\u00e9s es veu la fotografia i per llegir els comentaris heu de seguir l&#8217;enlla\u00e7, ficar\u00e9 a continuaci\u00f3 del requadre inserit, el meu comentari.<\/p>\n<div style=\"text-align: center;\"><a href=\"https:\/\/www.facebook.com\/photo.php?fbid=562303937219265&amp;set=a.371074123008915.1073741827.100003189905573&amp;type=1\"><img loading=\"lazy\" decoding=\"async\" class=\"wp-image-5226 aligncenter\" src=\"https:\/\/robertopla.net\/blog\/wp-content\/uploads\/2014\/04\/platja_dacosta800.jpg\" alt=\"\" width=\"600\" height=\"450\" srcset=\"https:\/\/robertopla.net\/blog\/wp-content\/uploads\/2014\/04\/platja_dacosta800.jpg 800w, https:\/\/robertopla.net\/blog\/wp-content\/uploads\/2014\/04\/platja_dacosta800-300x225.jpg 300w, https:\/\/robertopla.net\/blog\/wp-content\/uploads\/2014\/04\/platja_dacosta800-768x576.jpg 768w\" sizes=\"auto, (max-width: 600px) 100vw, 600px\" \/>una publicaci\u00f3n<\/a> de <a href=\"https:\/\/www.facebook.com\/josepm.dacosta\">Josep M Dacosta<\/a>.<\/div>\n<p><em>Com que no te missatge l&#8217;ampolla!. Jo el puc llegir clarament. Totes les ampolles de pl\u00e0stic que he recollit a les platges, igual que les llaunes i paquets de cigarrets portaven un missatge que deia: \u00abRecull-me, un porc m&#8217;ha deixat aqu\u00ed\u00bb. Les pedres son una altra cosa, mes que un breu missatge porten una historia, tan petites com son i tot el mon que han vist. Els c\u00f2dols i els vidres son filosofia en estat pur: ens parlen dels cicles i com sempre es torna a la natura que fins i tot als mes durs ens acarona fins arrodonir-nos. Per suavitzar l&#8217;inevitable dramatisme que es dedueix d&#8217;aquest fet, el mar ens ofereix com a present les curculles, petites peces de bijuteria que un dia van ser cuirasses i avui podrem utilitzar per guarnir la bellesa ef\u00edmera del cos.<\/em><\/p>\n<p><strong>Nota: Editat el 31\/12\/2023<\/strong> per incloure la imatge i l&#8217;enlla\u00e7 a la publicaci\u00f3 des de la mateixa, on despr\u00e9s d&#8217;esborrar el meu compte a Facebook, ha desaparegut el comentari.<\/p>\n","protected":false},"excerpt":{"rendered":"<p>Aquesta es una entrada de la p\u00e0gina de Josep Maria Dacosta a Facebook. No s\u00e9 ben b\u00e9 com he comen\u00e7at a escriure un comentari que havia de ser molt breu, com un tuit, per\u00f2-potser perqu\u00e8 est\u00e0vem a Facebook-s&#8217;ha allargat una mica.  <a href=\"https:\/\/robertopla.net\/blog\/balanc-del-temporal-a-la-pelosa.htm\">Sigue leyendo <span class=\"meta-nav\">&rarr;<\/span><\/a><\/p>\n","protected":false},"author":1,"featured_media":0,"comment_status":"open","ping_status":"open","sticky":false,"template":"","format":"standard","meta":{"footnotes":""},"categories":[5],"tags":[59,380,280,298],"class_list":["post-3529","post","type-post","status-publish","format-standard","hentry","category-fugaces","tag-catala","tag-facebook","tag-playa","tag-redessociales"],"_links":{"self":[{"href":"https:\/\/robertopla.net\/blog\/wp-json\/wp\/v2\/posts\/3529","targetHints":{"allow":["GET"]}}],"collection":[{"href":"https:\/\/robertopla.net\/blog\/wp-json\/wp\/v2\/posts"}],"about":[{"href":"https:\/\/robertopla.net\/blog\/wp-json\/wp\/v2\/types\/post"}],"author":[{"embeddable":true,"href":"https:\/\/robertopla.net\/blog\/wp-json\/wp\/v2\/users\/1"}],"replies":[{"embeddable":true,"href":"https:\/\/robertopla.net\/blog\/wp-json\/wp\/v2\/comments?post=3529"}],"version-history":[{"count":3,"href":"https:\/\/robertopla.net\/blog\/wp-json\/wp\/v2\/posts\/3529\/revisions"}],"predecessor-version":[{"id":5227,"href":"https:\/\/robertopla.net\/blog\/wp-json\/wp\/v2\/posts\/3529\/revisions\/5227"}],"wp:attachment":[{"href":"https:\/\/robertopla.net\/blog\/wp-json\/wp\/v2\/media?parent=3529"}],"wp:term":[{"taxonomy":"category","embeddable":true,"href":"https:\/\/robertopla.net\/blog\/wp-json\/wp\/v2\/categories?post=3529"},{"taxonomy":"post_tag","embeddable":true,"href":"https:\/\/robertopla.net\/blog\/wp-json\/wp\/v2\/tags?post=3529"}],"curies":[{"name":"wp","href":"https:\/\/api.w.org\/{rel}","templated":true}]}}