{"id":3588,"date":"2014-06-02T16:22:21","date_gmt":"2014-06-02T14:22:21","guid":{"rendered":"http:\/\/robertopla.net\/blog\/?p=3588"},"modified":"2014-06-02T16:33:01","modified_gmt":"2014-06-02T14:33:01","slug":"mayo-en-instagram","status":"publish","type":"post","link":"https:\/\/robertopla.net\/blog\/mayo-en-instagram.htm","title":{"rendered":"Mayo en Instagram"},"content":{"rendered":"<p><a title=\"Parque Espa\u00f1a Industrial\" href=\"https:\/\/www.flickr.com\/photos\/fotero\/14083927704\/\"><img decoding=\"async\" src=\"https:\/\/farm3.staticflickr.com\/2903\/14083927704_3895bceaeb_q.jpg\" alt=\"Atardecer\" stile=\"border:none;width:150px;height:150px\" \/><\/a>\u00a0<a title=\"Muslito\" href=\"https:\/\/www.flickr.com\/photos\/fotero\/14171873273\/\"><img decoding=\"async\" src=\"https:\/\/farm6.staticflickr.com\/5157\/14171873273_a4be13d797_q.jpg\" alt=\"Muslo de Pavo\" stile=\"border:none;width:150px;height:150px\" \/><\/a>\u00a0<a title=\"Roses\" href=\"https:\/\/www.flickr.com\/photos\/fotero\/14155610201\/\"><img decoding=\"async\" src=\"https:\/\/farm3.staticflickr.com\/2930\/14155610201_ebacb14808_q.jpg\" alt=\"Roses\" stile=\"border:none;width:150px;height:150px\" \/><\/a> <a title=\"Fomentando el aerotrastorno\" href=\"https:\/\/www.flickr.com\/photos\/fotero\/14181759393\/\"><img decoding=\"async\" src=\"https:\/\/farm6.staticflickr.com\/5101\/14181759393_9d2a5b7f9b_q.jpg\" alt=\"Fomentando el aerotrastorno\" stile=\"border:none;width:150px;height:150px\" \/><\/a><br \/>\n<a title=\"Avant\" href=\"https:\/\/www.flickr.com\/photos\/fotero\/14016859458\/\"><img decoding=\"async\" src=\"https:\/\/farm3.staticflickr.com\/2908\/14016859458_79dc0023eb_q.jpg\" alt=\"Avant\" stile=\"border:none;width:150px;height:150px\" \/><\/a> <a title=\"32 Salon Internacional del C\u00f3mic Barcelona por Fotero, en Flickr\" href=\"https:\/\/www.flickr.com\/photos\/fotero\/14204010545\/\"><img decoding=\"async\" src=\"https:\/\/farm3.staticflickr.com\/2937\/14204010545_da2b0a7221_q.jpg\" alt=\"32 Salon Internacional del C\u00f3mic Barcelona\" stile=\"border:none;width:150px;height:150px\" \/><\/a> <a title=\"El verano se acerca\" href=\"https:\/\/www.flickr.com\/photos\/fotero\/14027184977\/\"><img decoding=\"async\" src=\"https:\/\/farm6.staticflickr.com\/5319\/14027184977_43d9b2ff5f_q.jpg\" alt=\"El verano se acerca\" stile=\"border:none;width:150px;height:150px\" \/><\/a> <a title=\"Moncloa CGEA\" href=\"https:\/\/www.flickr.com\/photos\/fotero\/14221325546\/\"><img decoding=\"async\" src=\"https:\/\/farm3.staticflickr.com\/2934\/14221325546_6e78958599_q.jpg\" alt=\"Moncloa CGEA\" stile=\"border:none;width:150px;height:150px\" \/><\/a><br \/>\n<a title=\"Arco iris doble\" href=\"https:\/\/www.flickr.com\/photos\/fotero\/14066313118\/\"><img decoding=\"async\" src=\"https:\/\/farm6.staticflickr.com\/5116\/14066313118_30e63f6c21_q.jpg\" alt=\"Arco iris doble\" stile=\"border:none;width:150px;height:150px\" \/><\/a> <a title=\"Un tuit en tu mano\" href=\"https:\/\/www.flickr.com\/photos\/fotero\/14070343228\/\"><img decoding=\"async\" src=\"https:\/\/farm6.staticflickr.com\/5312\/14070343228_5c358de95e_q.jpg\" alt=\"Un tuit en tu mano\" stile=\"border:none;width:150px;height:150px\" \/><\/a> <a title=\"Orgullo Friki\" href=\"https:\/\/www.flickr.com\/photos\/fotero\/14243796376\/\"><img decoding=\"async\" src=\"https:\/\/farm6.staticflickr.com\/5587\/14243796376_e36da99dd4_q.jpg\" alt=\"Orgullo Friki\" stile=\"border:none;width:150px;height:150px\" \/><\/a> <a title=\"Extra\u00f1o Wiki\" href=\"https:\/\/www.flickr.com\/photos\/fotero\/14284976822\/\"><img decoding=\"async\" src=\"https:\/\/farm4.staticflickr.com\/3706\/14284976822_aab1f05413_q.jpg\" alt=\"Extra\u00f1o Wiki\" stile=\"border:none;width:150px;height:150px\" \/><\/a><br \/>\n<a title=\"Casa de pay\u00e9s\" href=\"https:\/\/www.flickr.com\/photos\/fotero\/14310940464\/\"><img decoding=\"async\" src=\"https:\/\/farm4.staticflickr.com\/3702\/14310940464_86fdff1f2d_q.jpg\" alt=\"Casa de pay\u00e9s\" stile=\"border:none;width:150px;height:150px\" \/><\/a><\/p>\n<p><a href=\"http:\/\/instagram.com\/roberto_pla\">Instagram<\/a> no me gusta. Sin embargo, voy haciendo fotos y las voy subiendo, porque, &#8230;\u00a1es tan f\u00e1cil!. Siempre llevas el tel\u00e9fono encima, siempre puedes hacer en un momento la foto de esa imagen que ves y que te inspira, la cr\u00f3nica del suceso o el recuerdo del plato glorioso para enviar a los amigos, para publicar en las redes sociales.<br \/>\nTendria que corregir para decir que instagram tiene muchas cosas que no me gustan y otras que son fenomenales. Mediante una regla de <a href=\"https:\/\/ifttt.com\/\">IFTTT<\/a> cada foto que subo a Instagram pasa de forma autom\u00e1tica a <a href=\"https:\/\/www.flickr.com\/photos\/fotero\/sets\/72157635297874049\/\">Flickr<\/a>, que si me gusta, porque me permite m\u00e1s libertad en el uso de mis propias fotos.<br \/>\nEs probable que en los pr\u00f3ximos meses tambi\u00e9n vaya publicando aqu\u00ed el resumen de las fotos publicadas en Instagram en el mes que acaba. Por ahora esta breve cr\u00f3nica de mayo, con 13 fotos. <\/p>\n","protected":false},"excerpt":{"rendered":"<p>Fotos publicadas en mi cuenta de Instagram en Mayo <a href=\"https:\/\/robertopla.net\/blog\/mayo-en-instagram.htm\">Sigue leyendo <span class=\"meta-nav\">&rarr;<\/span><\/a><\/p>\n","protected":false},"author":1,"featured_media":0,"comment_status":"open","ping_status":"open","sticky":false,"template":"","format":"standard","meta":{"footnotes":""},"categories":[3],"tags":[135,138,382],"class_list":["post-3588","post","type-post","status-publish","format-standard","hentry","category-fotografia-2","tag-flickr","tag-fotografia","tag-instagram"],"_links":{"self":[{"href":"https:\/\/robertopla.net\/blog\/wp-json\/wp\/v2\/posts\/3588","targetHints":{"allow":["GET"]}}],"collection":[{"href":"https:\/\/robertopla.net\/blog\/wp-json\/wp\/v2\/posts"}],"about":[{"href":"https:\/\/robertopla.net\/blog\/wp-json\/wp\/v2\/types\/post"}],"author":[{"embeddable":true,"href":"https:\/\/robertopla.net\/blog\/wp-json\/wp\/v2\/users\/1"}],"replies":[{"embeddable":true,"href":"https:\/\/robertopla.net\/blog\/wp-json\/wp\/v2\/comments?post=3588"}],"version-history":[{"count":7,"href":"https:\/\/robertopla.net\/blog\/wp-json\/wp\/v2\/posts\/3588\/revisions"}],"predecessor-version":[{"id":3595,"href":"https:\/\/robertopla.net\/blog\/wp-json\/wp\/v2\/posts\/3588\/revisions\/3595"}],"wp:attachment":[{"href":"https:\/\/robertopla.net\/blog\/wp-json\/wp\/v2\/media?parent=3588"}],"wp:term":[{"taxonomy":"category","embeddable":true,"href":"https:\/\/robertopla.net\/blog\/wp-json\/wp\/v2\/categories?post=3588"},{"taxonomy":"post_tag","embeddable":true,"href":"https:\/\/robertopla.net\/blog\/wp-json\/wp\/v2\/tags?post=3588"}],"curies":[{"name":"wp","href":"https:\/\/api.w.org\/{rel}","templated":true}]}}