{"id":3597,"date":"2014-06-18T01:23:48","date_gmt":"2014-06-17T23:23:48","guid":{"rendered":"http:\/\/robertopla.net\/blog\/?p=3597"},"modified":"2014-06-18T01:25:20","modified_gmt":"2014-06-17T23:25:20","slug":"ascenso-y-destino","status":"publish","type":"post","link":"https:\/\/robertopla.net\/blog\/ascenso-y-destino.htm","title":{"rendered":"Ascenso y destino"},"content":{"rendered":"<p>Con fecha 11 de junio fui promovido al empleo de coronel. Tanto los d\u00edas anteriores como los posteriores han sido muy intensos. Lejos de faltar temas para escribir en este blog, ha habido tal cantidad de ideas atropell\u00e1ndose por salir, que el desorden y la aut\u00e9ntica monta\u00f1a rusa de emociones me ha impedido imponer el orden necesario para su publicaci\u00f3n. He hablado ante diferentes auditorios y he intentado manifestar en cada momento lo que sinceramente sent\u00eda, pero solo algunas de esas palabras han quedado registradas y aun as\u00ed, he desistido de publicar algo que yo pronunci\u00e9 en la intimidad de una reuni\u00f3n de amigos o compa\u00f1eros.<br \/>\nHoy me ha llegado un correo de mi amigo Federico Macau en el que me anuncia unas palabras que ha escrito en el \u00abRoses Digital\u00bb con el t\u00edtulo <a href=\"http:\/\/www.rosesdigital.com\/noticies\/?idn=1956&amp;ia=ca&amp;dn=er&amp;pr=n\">\u00abBuenos d\u00edas, mi coronel\u00bb<\/a>. Al contestarle, he ido hilvanando un resumen de las emociones y alegr\u00edas de estos d\u00edas que si me parece generalizable y publicable como un reflejo de mi estado de \u00e1nimo. Asi que,\u00a0ya instalado en Madrid, van para vosotros mis palabras.<\/p>\n<div style=\"margin-left: 20px;\">Mi querido amigo, muchas gracias por esas lineas, que efectivamente me han hecho sonre\u00edr y tambi\u00e9n emocionarme.<br \/>\nSon muchos los que ante la inminencia de mi partida me han dicho si no me resultaba triste abandonar lo que ha sido mi vida cotidiana y mi empe\u00f1o durante 29 a\u00f1os.<br \/>\nYo he contestado sinceramente que no. Que no me voy a ning\u00fan sitio, que en este mundo moderno Madrid no est\u00e1 lejos y que no tengo sensaci\u00f3n de p\u00e9rdida sin por el contrario, todas las muestras de afecto me han hecho sentir que me voy con un bagaje de amistad y afecto enriquecedor.<br \/>\nQue por otra parte no hay progreso sin cambio y las nuevas metas profesionales que se abren ante mi, as\u00ed como el reconocimiento de mis modestos m\u00e9ritos que implica el ascenso, me hacen afrontar mi nuevo destino con gran alegr\u00eda y satisfacci\u00f3n.<br \/>\nPero dicen que partir es morir un poco. Por eso quiz\u00e1s el texto que m\u00e1s veces ven\u00eda a mi mente cuando pensaba en el cambio que se avecinaba son aquellos versos de Machado:<\/p>\n<blockquote><p>Y cuando llegue el d\u00eda del \u00faltimo viaje,<br \/>\ny est\u00e9 al partir la nave que nunca ha de tornar,<br \/>\nme encontrar\u00e9is a bordo ligero de equipaje,<br \/>\ncasi desnudo, como los hijos de la mar<\/p><\/blockquote>\n<p>Ha sido el \u00fanico retazo de nostalgia que me he permitido, aunque sol\u00eda olvidar la menci\u00f3n al viaje como \u00ab<em>ultimo<\/em>\u00bb y me sent\u00eda muy cr\u00edtico hacia el car\u00e1cter marinero de la figura po\u00e9tica, pues todo el mundo sabe que en un barco se puede viajar con voluminosos ba\u00fales, mientras que los aviadores debemos volar con un equipaje aut\u00e9nticamente ligero; especialmente si lo hacemos con Ryanair.<br \/>\nPero esta sensaci\u00f3n de partir-morir un poco tambi\u00e9n ten\u00eda su refuerzo en los paneg\u00edricos. Tales me parec\u00edan un poco las sorprendentes muestras de afecto que he recibido. Han sido sorprendentes porque pocas veces nos paramos a pensar en los sentimientos que despertamos en los dem\u00e1s y pocas veces tenemos la ocasi\u00f3n de que nos sean patentes.<br \/>\nSoy\u00a0realista y considero que los que me aborrezcan habr\u00e1n pensado en la m\u00e1xima\u00a0&#8216;<em>a enemigo que huye, puente de plata<\/em>&#8216; y conclu\u00eddo que no les merec\u00eda la pena desahogarse; asimismo hay que dar por hecho cierto\u00a0que las separaciones siempre incitan a la exageraci\u00f3n y la amistad a la complacencia. Pero\u00a0todo lo que me hab\u00e9is llegado a decir, y lo que me hab\u00e9is manifestado de diferentes maneras aquellos que me hab\u00e9is rodeado durante estos a\u00f1os, es tan emocionante y estimulante, que aun aplic\u00e1ndole un importante factor de correcci\u00f3n, me ha marcado profundamente.<\/p>\n<p>Y por ahora, del torrente de emociones que ha arrasado mi estado de \u00e1nimo -sin destruirlo, pero sin dejar ni una sola emoci\u00f3n en el sitio que la ten\u00eda guardada- no puedo contar m\u00e1s. Tengo que seguir buscando en el sedimento de la repentina riada y decantar las emociones superficiales de los sentimientos profundos para concluir cuales son las ense\u00f1anzas que debo aplicarme, que preciados tesoros conviene guardar discretamente para uso personal y cuales se pueden mostrar para expresar mi agradecimiento y reconocimento a mi familia, mis amigos, mis compa\u00f1eros, mis vecinos por haber estado ah\u00ed todos estos a\u00f1os que, al recapitular, me parecen tan felices. A todos, muchas gracias.<\/p><\/div>\n<p style=\"text-align:center;><a href=\"https:\/\/www.flickr.com\/photos\/fotero\/14222195897\/\"><img decoding=\"async\" src=\"https:\/\/farm6.staticflickr.com\/5113\/14222195897_bf9ac2e3fb_z.jpg\" style=\"border:none;width:500px;height:500px\" alt=\"Mantecados\" title=\"Mantecados\"><\/a><\/p>\n","protected":false},"excerpt":{"rendered":"<p>He ido hilvanando un resumen de las emociones y alegr\u00edas de estos d\u00edas como un reflejo de mi estado de \u00e1nimo. As\u00ed que,\u00a0ya instalado en Madrid, van para vosotros mis palabras. <a href=\"https:\/\/robertopla.net\/blog\/ascenso-y-destino.htm\">Sigue leyendo <span class=\"meta-nav\">&rarr;<\/span><\/a><\/p>\n","protected":false},"author":1,"featured_media":0,"comment_status":"open","ping_status":"open","sticky":false,"template":"","format":"standard","meta":{"footnotes":""},"categories":[8],"tags":[24,106,130,235,275,306],"class_list":["post-3597","post","type-post","status-publish","format-standard","hentry","category-omblogo","tag-amigos","tag-emporda","tag-figueres","tag-militar","tag-personal","tag-roses"],"_links":{"self":[{"href":"https:\/\/robertopla.net\/blog\/wp-json\/wp\/v2\/posts\/3597","targetHints":{"allow":["GET"]}}],"collection":[{"href":"https:\/\/robertopla.net\/blog\/wp-json\/wp\/v2\/posts"}],"about":[{"href":"https:\/\/robertopla.net\/blog\/wp-json\/wp\/v2\/types\/post"}],"author":[{"embeddable":true,"href":"https:\/\/robertopla.net\/blog\/wp-json\/wp\/v2\/users\/1"}],"replies":[{"embeddable":true,"href":"https:\/\/robertopla.net\/blog\/wp-json\/wp\/v2\/comments?post=3597"}],"version-history":[{"count":3,"href":"https:\/\/robertopla.net\/blog\/wp-json\/wp\/v2\/posts\/3597\/revisions"}],"predecessor-version":[{"id":3600,"href":"https:\/\/robertopla.net\/blog\/wp-json\/wp\/v2\/posts\/3597\/revisions\/3600"}],"wp:attachment":[{"href":"https:\/\/robertopla.net\/blog\/wp-json\/wp\/v2\/media?parent=3597"}],"wp:term":[{"taxonomy":"category","embeddable":true,"href":"https:\/\/robertopla.net\/blog\/wp-json\/wp\/v2\/categories?post=3597"},{"taxonomy":"post_tag","embeddable":true,"href":"https:\/\/robertopla.net\/blog\/wp-json\/wp\/v2\/tags?post=3597"}],"curies":[{"name":"wp","href":"https:\/\/api.w.org\/{rel}","templated":true}]}}