{"id":3728,"date":"2015-06-09T00:41:21","date_gmt":"2015-06-08T22:41:21","guid":{"rendered":"http:\/\/robertopla.net\/blog\/?p=3728"},"modified":"2015-06-09T00:46:25","modified_gmt":"2015-06-08T22:46:25","slug":"biblioart","status":"publish","type":"post","link":"https:\/\/robertopla.net\/blog\/biblioart.htm","title":{"rendered":"BiblioArt"},"content":{"rendered":"<p><img decoding=\"async\" style=\"margin: 8px 8px 8px 0px; float: left; border: none; width: 150px; height: 150px;\" title=\"BiblioArt\" src=\"https:\/\/c1.staticflickr.com\/9\/8868\/18551530296_b95e970ff1_q.jpg\" alt=\"BiblioArt\" \/>El Gobierno de la Generalitat <a class=\"ext\" href=\"http:\/\/www.govern.cat\/pres_gov\/AppJava\/govern\/govern\/consell-executiu\/acords-govern\/nota-premsa\/278742\/govern-aprova-declarar-lany-2015-biblioteques.html?mode=static\" target=\"_blank\">ha declarado el a\u00f1o 2015 como A\u00f1o de las Bibliotecas<\/a>. Con este motivo, la <a href=\"http:\/\/www.bibgirona.cat\/biblioteca\/santgregori\">Biblioteca Miquel Marti i Pol de Sant Gregori<\/a> con la colaboraci\u00f3n del Servicio de Bibliotecas de la Generalitat de Catalunya ha puesto en marcha el proyecto \u00abBiblioArt\u00bb que pretende llevar peque\u00f1as obras de arte originales a las bibliotecas catalanas.<br \/>\nEl proyecto consiste en que cincuenta artistas, estudiantes de escuelas de arte, dibujantes, ilustradores, profesionales o aficionados, creen sus obras en 50 cuadernos de dimensiones reducidas.<br \/>\nExactamente los cuadernos son <a href=\"http:\/\/es.canson.com\/dibujo-esbozo\/canson-one-art-book\">Canson tama\u00f1o A6<\/a>, encuadernados con tapas duras de color negro y con hojas de papel de 100gr. Aunque el grosor del papel lo hace m\u00e1s adecuado para l\u00e1piz, pastel, carboncillo o tinta y rotulador, yo <a href=\"https:\/\/www.flickr.com\/photos\/fotero\/sets\/72157645995740772\">he usado estos cuadernos<\/a> con colores a la acuarela. Los mejores resultados se obtienen dando simplemente breves toques de color. Si no te pasas con el agua, la hoja, de gran calidad, lo resiste.<\/p>\n<p style=\"text-align: center;\"><a href=\"https:\/\/www.flickr.com\/photos\/fotero\/17957274313\"><img decoding=\"async\" style=\"border: none; width: 500px; height: 321px;\" title=\"Biblioteca\" src=\"https:\/\/c1.staticflickr.com\/9\/8871\/17957274313_3a5b702188.jpg\" alt=\"Biblioteca\" \/><\/a><\/p>\n<p>En la reuni\u00f3n de presentaci\u00f3n de los Urban Sketchers de Catalu\u00f1a en la Biblioteca Carles Rahola de Girona me ofrecieron participar y acept\u00e9 el cuaderno n\u00famero 42 del proyecto.<br \/>\nHay que ir enviando los dibujos escaneados, para una serie de proyectos de p\u00e1gina web. La p\u00e1gina del proyecto reunir\u00e1 10 obras seleccionadas de cada artista y una p\u00e1gina en Flickr reunir\u00e1 las im\u00e1genes que env\u00eden los autores.<br \/>\nAntes del 30\/09\/2015 hay que enviar el libro, a ser posible,\u00a0completo y con el mayor n\u00famero posible de dibujos sobre el tema propuesto (las bibliotecas), para participar en una serie de exposiciones que tendr\u00e1n lugar en bibliotecas de Catalu\u00f1a. En estas exposiciones el p\u00fablico podr\u00e1 ver y hojear los libros. Tras las exposiciones, los cuadernos se devolver\u00e1n a los artistas.<br \/>\nEstoy muy ilusionado con este proyecto que implica dibujos y libros, dos temas que me interesan, y que pone en valor un recurso cultural de importancia capital como son las bibliotecas, a las que todos los lectores debemos tanto.<br \/>\nCada cuaderno puede tener un t\u00edtulo o un lema. Trat\u00e1ndose de un proyecto relacionado con bibliotecas y por tanto con libros, al ser este cuaderno el n\u00famero 42, su t\u00edtulo m\u00e1s obvio es <em>\u00abEl sentido de la vida, el universo y todo lo dem\u00e1s\u00bb<\/em>, como homenaje a Douglas Adams, autor de la <a href=\"http:\/\/es.wikipedia.org\/wiki\/Gu%C3%ADa_del_autoestopista_gal%C3%A1ctico_%28libro%29\">\u00abGu\u00eda del autoestopista gal\u00e1ctico\u00bb<\/a>.<br \/>\nPor mi parte ha creado un \u00e1lbum EN Flickr, titulado <a href=\"https:\/\/www.flickr.com\/photos\/fotero\/sets\/72157653792718668\">\u00abBiblio Art #042\u00bb<\/a> donde incluir\u00e9 los dibujos del cuaderno con el que participo en el proyecto, los primeros de los cuales hice en Girona el pasado d\u00eda 6.<\/p>\n<p style=\"text-align: center;\"><a href=\"https:\/\/www.flickr.com\/photos\/fotero\/18427712618\"><img decoding=\"async\" style=\"border: none; width: 500px; height: 323px;\" title=\"Leyendo el diario\" src=\"https:\/\/c1.staticflickr.com\/9\/8851\/18427712618_6ab31a4cfd.jpg\" alt=\"Leyendo el diario\" \/><\/a><\/p>\n","protected":false},"excerpt":{"rendered":"<p>El proyecto \u00abBibloArt\u00bb pretende llevar peque\u00f1as obras de arte originales a las bibliotecas catalanas. Yo participo en el mismo haciendo dibujos en uno de los cuadernos del proyecto. <a href=\"https:\/\/robertopla.net\/blog\/biblioart.htm\">Sigue leyendo <span class=\"meta-nav\">&rarr;<\/span><\/a><\/p>\n","protected":false},"author":1,"featured_media":0,"comment_status":"open","ping_status":"open","sticky":false,"template":"","format":"standard","meta":{"footnotes":""},"categories":[383],"tags":[389,415,417,60,416,396,95,386],"class_list":["post-3728","post","type-post","status-publish","format-standard","hentry","category-dibujo","tag-acuarela","tag-biblioart","tag-biblioteca","tag-catalunya","tag-cuaderno","tag-cultura","tag-dibujo","tag-usk"],"_links":{"self":[{"href":"https:\/\/robertopla.net\/blog\/wp-json\/wp\/v2\/posts\/3728","targetHints":{"allow":["GET"]}}],"collection":[{"href":"https:\/\/robertopla.net\/blog\/wp-json\/wp\/v2\/posts"}],"about":[{"href":"https:\/\/robertopla.net\/blog\/wp-json\/wp\/v2\/types\/post"}],"author":[{"embeddable":true,"href":"https:\/\/robertopla.net\/blog\/wp-json\/wp\/v2\/users\/1"}],"replies":[{"embeddable":true,"href":"https:\/\/robertopla.net\/blog\/wp-json\/wp\/v2\/comments?post=3728"}],"version-history":[{"count":5,"href":"https:\/\/robertopla.net\/blog\/wp-json\/wp\/v2\/posts\/3728\/revisions"}],"predecessor-version":[{"id":3733,"href":"https:\/\/robertopla.net\/blog\/wp-json\/wp\/v2\/posts\/3728\/revisions\/3733"}],"wp:attachment":[{"href":"https:\/\/robertopla.net\/blog\/wp-json\/wp\/v2\/media?parent=3728"}],"wp:term":[{"taxonomy":"category","embeddable":true,"href":"https:\/\/robertopla.net\/blog\/wp-json\/wp\/v2\/categories?post=3728"},{"taxonomy":"post_tag","embeddable":true,"href":"https:\/\/robertopla.net\/blog\/wp-json\/wp\/v2\/tags?post=3728"}],"curies":[{"name":"wp","href":"https:\/\/api.w.org\/{rel}","templated":true}]}}