{"id":3831,"date":"2016-08-06T18:10:23","date_gmt":"2016-08-06T16:10:23","guid":{"rendered":"http:\/\/robertopla.net\/blog\/?p=3831"},"modified":"2016-08-06T18:10:23","modified_gmt":"2016-08-06T16:10:23","slug":"ultraligeros-en-viladamat","status":"publish","type":"post","link":"https:\/\/robertopla.net\/blog\/ultraligeros-en-viladamat.htm","title":{"rendered":"Ultraligeros en Viladamat"},"content":{"rendered":"<p>Mi amigo <a href=\"http:\/\/aeronautiquesemporda.blogspot.com.es\/\">David<\/a> me propuso participar en un dossier de Revista de Girona que \u00e9l iba a coordinar. Conocedor de mis peculiaridades y enterado de cuales eran mis intereses m\u00e1s recientes, me propuso ilustrar un art\u00edculo que ten\u00eda que escribir nuestro com\u00fan amigo <a href=\"https:\/\/es.linkedin.com\/in\/juan-jes%C3%BAs-aznar-y-del-%C3%A1guila-8a226612\">Juan Jes\u00fas<\/a>. <\/p>\n<p style=\"text-align:center;\"><a href=\"https:\/\/www.flickr.com\/photos\/fotero\/28609118262\/\"><img decoding=\"async\" src=\"https:\/\/farm9.staticflickr.com\/8889\/28609118262_b43205a301_z_d.jpg\" style=\"border:none;width:640px;height:427px\" alt=\"Autogiro\" title=\"Autogiro\" \/><\/a><\/p>\n<p>La idea me pareci\u00f3 estupenda y me puse manos a la obra sin preguntar ni poner condiciones. El art\u00edculo versar\u00eda sobre el campo de aviaci\u00f3n para <a href=\"http:\/\/airsportviladamat.com\/index.html\">ultraligeros de Viladamat<\/a>, relativamente pr\u00f3ximo a Figueres y un aut\u00e9ntico referente en el deporte a\u00e9reo en nuestra provincia. <\/p>\n<p style=\"text-align:center;\"><a href=\"https:\/\/www.flickr.com\/photos\/fotero\/28609118942\/\"><img decoding=\"async\" src=\"https:\/\/farm9.staticflickr.com\/8581\/28609118942_5cb33928ce_z_d.jpg\" style=\"border:none;width:640px;height:427px\" alt=\"Mantenimiento\" title=\"Mantenimiento\" \/><\/a><\/p>\n<p>Se trataba de realizar all\u00ed alguna sesi\u00f3n de dibujo in situ, para captar con el esp\u00edritu ligero y colorido propio del \u00ab<a href=\"http:\/\/spain.urbansketchers.org\/p\/manifiesto.html\">urban sketching<\/a>\u00ab. El d\u00eda 13 de febrero me fui para all\u00ed y me pas\u00e9 unas horas dibujando, que dieron como resultado algunos dibujos que desech\u00e9 y otros que me parecieron aceptables. Seleccion\u00e9 los seis que me ped\u00edan y se los envi\u00e9 a David, el coordinador del Dossier. <\/p>\n<p style=\"text-align:center;\"><a href=\"https:\/\/www.flickr.com\/photos\/fotero\/28609118922\/\"><img decoding=\"async\" src=\"https:\/\/farm9.staticflickr.com\/8533\/28609118922_d574ce14ce_z_d.jpg\" style=\"border:none;width:640px;height:427px\" alt=\"Pilotos\" title=\"Pilotos\" \/><\/a><\/p>\n<p>Entonces establecimos las condiciones. Yo le dije que en cualquier caso mis dibujos estar\u00edan bajo licencia <a href=\"https:\/\/creativecommons.org\/licenses\/by-sa\/4.0\/\">Creative Commons<\/a>. Si me los pagaban, tras publicarse en la revista los publicar\u00eda en <a href=\"https:\/\/www.flickr.com\/photos\/fotero\/\">Flickr<\/a> y quiz\u00e1s en mi blog. Si no me los pagaban, los publicar\u00eda en Flickr y naturalmente, en aplicacion de la licencia, la revista pod\u00eda reproducirlos. Unos d\u00edas despu\u00e9s, me enter\u00e9 de que me los iban a pagar. La verdad es que me hizo ilusi\u00f3n: es la primera vez que vendo unos dibujos. <\/p>\n<p style=\"text-align:center;\"><a href=\"https:\/\/www.flickr.com\/photos\/fotero\/28430430250\/\"><img decoding=\"async\" src=\"https:\/\/farm9.staticflickr.com\/8864\/28430430250_4e46ac7eae_z_d.jpg\" style=\"border:none;width:640px;height:427px\" alt=\"Ultraligero\" title=\"Ultraligero\" \/><\/a><\/p>\n<p>No me enter\u00e9 del precio hasta que alg\u00fan tiempo despu\u00e9s, Mercedes mi esposa y &#8216;administradora&#8217; me dijo que me hab\u00edan ingresado unos 120 Euros en la cuenta. No s\u00e9 si es la cantidad exacta y no s\u00e9 si se han deducido ya los impuestos, pero como no los hice para cobrarlos, me pareci\u00f3 estupendo. <\/p>\n<p style=\"text-align:center;\"><a href=\"https:\/\/www.flickr.com\/photos\/fotero\/28430429800\/\"><img decoding=\"async\" src=\"https:\/\/farm9.staticflickr.com\/8219\/28430429800_1e211e3be0_z_d.jpg\" style=\"border:none;width:300px;height:200px\" alt=\"EC-XHE\" title=\"EC-XHE\" \/><\/a>&nbsp;<a href=\"https:\/\/www.flickr.com\/photos\/fotero\/28717179105\/\"><img decoding=\"async\" src=\"https:\/\/farm9.staticflickr.com\/8314\/28717179105_2c8e54061e_z_d.jpg\" style=\"border:none;width:300px;height:200px\" alt=\"Despegue\" title=\"Despegue\" \/><\/a><\/p>\n<p>Estos dos \u00faltimos dibujos no fueron seleccionados para su publicaci\u00f3n. No s\u00e9 si es que no cab\u00edan o es que gustaron menos. A mi tambi\u00e9n son los que menos me gustan del conjunto.<br \/>\nFinalmente lleg\u00f3 la publicaci\u00f3n de la revista. Incluso me enviaron un ejemplar en papel. Ya he publicado muchas veces, pero ver mis dibujos ilustrando el art\u00edculo de Juan Jes\u00fas me pareci\u00f3 fenomenal. Finalmente el art\u00edculo <a href=\"http:\/\/www.revistadegirona.cat\/recursos\/2016\/0296_079.pdf\">se public\u00f3 en la web de la revista<\/a>. Puede leerse o descargarse en la direcci\u00f3n: <a href=\"http:\/\/www.revistadegirona.cat\/recursos\/2016\/0296_079.pdf\">http:\/\/www.revistadegirona.cat\/recursos\/2016\/0296_079.pdf<\/a> en formato PDF. el art\u00edculo se public\u00f3 en catal\u00e1n, idioma habitual de la revista. <\/p>\n","protected":false},"excerpt":{"rendered":"<p>Mi amigo David me propuso participar en un dossier de Revista de Girona que \u00e9l iba a coordinar sobre la aviaci\u00f3n en la provincia ilustrando con unos dibujos el art\u00edculo que ten\u00eda que escribir nuestro com\u00fan amigo Juan Jes\u00fas.  <a href=\"https:\/\/robertopla.net\/blog\/ultraligeros-en-viladamat.htm\">Sigue leyendo <span class=\"meta-nav\">&rarr;<\/span><\/a><\/p>\n","protected":false},"author":1,"featured_media":0,"comment_status":"open","ping_status":"open","sticky":false,"template":"","format":"standard","meta":{"footnotes":""},"categories":[383],"tags":[389,24,43,95,303,386],"class_list":["post-3831","post","type-post","status-publish","format-standard","hentry","category-dibujo","tag-acuarela","tag-amigos","tag-aviacion","tag-dibujo","tag-revista","tag-usk"],"_links":{"self":[{"href":"https:\/\/robertopla.net\/blog\/wp-json\/wp\/v2\/posts\/3831","targetHints":{"allow":["GET"]}}],"collection":[{"href":"https:\/\/robertopla.net\/blog\/wp-json\/wp\/v2\/posts"}],"about":[{"href":"https:\/\/robertopla.net\/blog\/wp-json\/wp\/v2\/types\/post"}],"author":[{"embeddable":true,"href":"https:\/\/robertopla.net\/blog\/wp-json\/wp\/v2\/users\/1"}],"replies":[{"embeddable":true,"href":"https:\/\/robertopla.net\/blog\/wp-json\/wp\/v2\/comments?post=3831"}],"version-history":[{"count":8,"href":"https:\/\/robertopla.net\/blog\/wp-json\/wp\/v2\/posts\/3831\/revisions"}],"predecessor-version":[{"id":3840,"href":"https:\/\/robertopla.net\/blog\/wp-json\/wp\/v2\/posts\/3831\/revisions\/3840"}],"wp:attachment":[{"href":"https:\/\/robertopla.net\/blog\/wp-json\/wp\/v2\/media?parent=3831"}],"wp:term":[{"taxonomy":"category","embeddable":true,"href":"https:\/\/robertopla.net\/blog\/wp-json\/wp\/v2\/categories?post=3831"},{"taxonomy":"post_tag","embeddable":true,"href":"https:\/\/robertopla.net\/blog\/wp-json\/wp\/v2\/tags?post=3831"}],"curies":[{"name":"wp","href":"https:\/\/api.w.org\/{rel}","templated":true}]}}