{"id":3869,"date":"2017-01-09T01:52:09","date_gmt":"2017-01-09T00:52:09","guid":{"rendered":"http:\/\/robertopla.net\/blog\/?p=3869"},"modified":"2018-02-01T00:00:07","modified_gmt":"2018-01-31T23:00:07","slug":"terrorismo","status":"publish","type":"post","link":"https:\/\/robertopla.net\/blog\/terrorismo.htm","title":{"rendered":"Terrorismo"},"content":{"rendered":"<p>Ayer hizo veinticinco a\u00f1os, <a href=\"http:\/\/elpais.com\/diario\/1992\/01\/09\/espana\/694911619_850215.html\">ETA mat\u00f3 en Barcelona<\/a> al Comandante del Ej\u00e9rcito del Aire Arturo Anguera. Pr\u00e1cticamente cada d\u00eda paso por la misma esquina en que fue asesinado, camino del mismo edificio al que ellos se dirig\u00edan. He pensado muchas veces en los protagonistas de aquel atentado, en como la casualidad puede hacer que en segundos alguien muera o salga ileso, como las circunstancias convierten en aut\u00e9ntico h\u00e9roe a un soldado que con cinco tiros en el cuerpo encuentra fuerzas para salir corriendo a pedir ayuda. Y de lo poco que se reconoce al sacrificio, al hero\u00edsmo, incluso a la suerte de salir ileso.<br \/>\nY lo r\u00e1pido que nos olvidamos de los asesinos fascistas, que ahora se manifiestan para pedir que sus compinches salgan de las c\u00e1rceles. Porque cambiar miles de a\u00f1os por algunas decenas, les parece poco beneficio, porque alg\u00fan subnormal est\u00e1 pensando en darles aire y agua, a ellos y a los de su ralea, que solo esperan una oportunidad para seguir repartiendo odio, muerte y sectarismo. A los totalitarismos no se les puede dar ni los buenos d\u00edas ni un respiro. Hay que detenerlos e impedir que utilicen los beneficios de la democracia para destruirla, la libertad para matar y sojuzgar. Al totalitarismo no se le pueden aplicar todos los beneficios de la democracia, solo uno: la estricta aplicaci\u00f3n de la ley. Nos va la vida en ello. No lo olvidemos.<\/p>\n<p style=\"text-align: center;\"><img decoding=\"async\" style=\"border: none; width: 500px; height: 500px;\" title=\"Placa in memoriam Arturo Anguera\" src=\"https:\/\/farm1.staticflickr.com\/679\/31387293073_bee8e87dfa_z_d.jpg\" alt=\"Placa in memoriam Arturo Anguera\" \/><\/p>\n","protected":false},"excerpt":{"rendered":"<p>Ayer hizo veinticinco a\u00f1os, ETA mat\u00f3 en Barcelona al Comandante del Ej\u00e9rcito del Aire Arturo Anguera.  <a href=\"https:\/\/robertopla.net\/blog\/terrorismo.htm\">Sigue leyendo <span class=\"meta-nav\">&rarr;<\/span><\/a><\/p>\n","protected":false},"author":1,"featured_media":0,"comment_status":"open","ping_status":"open","sticky":false,"template":"","format":"standard","meta":{"footnotes":""},"categories":[9],"tags":[47,90,445,204,444],"class_list":["post-3869","post","type-post","status-publish","format-standard","hentry","category-rerum-militari","tag-barcelona","tag-democracia","tag-eta","tag-libertad","tag-terrorismo"],"_links":{"self":[{"href":"https:\/\/robertopla.net\/blog\/wp-json\/wp\/v2\/posts\/3869","targetHints":{"allow":["GET"]}}],"collection":[{"href":"https:\/\/robertopla.net\/blog\/wp-json\/wp\/v2\/posts"}],"about":[{"href":"https:\/\/robertopla.net\/blog\/wp-json\/wp\/v2\/types\/post"}],"author":[{"embeddable":true,"href":"https:\/\/robertopla.net\/blog\/wp-json\/wp\/v2\/users\/1"}],"replies":[{"embeddable":true,"href":"https:\/\/robertopla.net\/blog\/wp-json\/wp\/v2\/comments?post=3869"}],"version-history":[{"count":4,"href":"https:\/\/robertopla.net\/blog\/wp-json\/wp\/v2\/posts\/3869\/revisions"}],"predecessor-version":[{"id":3942,"href":"https:\/\/robertopla.net\/blog\/wp-json\/wp\/v2\/posts\/3869\/revisions\/3942"}],"wp:attachment":[{"href":"https:\/\/robertopla.net\/blog\/wp-json\/wp\/v2\/media?parent=3869"}],"wp:term":[{"taxonomy":"category","embeddable":true,"href":"https:\/\/robertopla.net\/blog\/wp-json\/wp\/v2\/categories?post=3869"},{"taxonomy":"post_tag","embeddable":true,"href":"https:\/\/robertopla.net\/blog\/wp-json\/wp\/v2\/tags?post=3869"}],"curies":[{"name":"wp","href":"https:\/\/api.w.org\/{rel}","templated":true}]}}